{"id":149,"date":"2024-09-08T22:30:57","date_gmt":"2024-09-09T01:30:57","guid":{"rendered":"https:\/\/projetos.f3solucoesweb.com.br\/news2\/?p=149"},"modified":"2024-12-23T14:23:45","modified_gmt":"2024-12-23T17:23:45","slug":"nova-plataforma-de-aprendizagem-digital-e-lancada-para-ajudar-estudantes-em-situacao-de-vulnerabilidade","status":"publish","type":"post","link":"https:\/\/projetos.f3fabioramos.com.br\/news\/nova-plataforma-de-aprendizagem-digital-e-lancada-para-ajudar-estudantes-em-situacao-de-vulnerabilidade\/","title":{"rendered":"23 &#8211; Nova Plataforma de Aprendizagem Digital \u00e9 Lan\u00e7ada para Ajudar Estudantes em Situa\u00e7\u00e3o de Vulnerabilidade"},"content":{"rendered":"\r\n<p>Uma nova plataforma de aprendizagem digital, chamada &#8220;Educa+,&#8221; foi lan\u00e7ada com o objetivo de apoiar estudantes em situa\u00e7\u00e3o de vulnerabilidade social. A iniciativa re\u00fane recursos de v\u00eddeo-aulas, exerc\u00edcios interativos e tutoriais, todos acess\u00edveis gratuitamente. O projeto, que conta com a parceria de diversas ONGs e institui\u00e7\u00f5es educacionais, j\u00e1 beneficiou mais de 5.000 alunos em sua fase piloto. Os organizadores esperam que, com o apoio de doa\u00e7\u00f5es e parcerias, a plataforma possa ser expandida para atender um n\u00famero ainda maior de estudantes em todo o pa\u00eds.<\/p>\r\n","protected":false},"excerpt":{"rendered":"<p>Uma nova plataforma de aprendizagem digital, chamada &#8220;Educa+,&#8221; foi lan\u00e7ada com o objetivo de apoiar estudantes em situa\u00e7\u00e3o de vulnerabilidade social. A iniciativa re\u00fane recursos de v\u00eddeo-aulas, exerc\u00edcios interativos e tutoriais, todos acess\u00edveis gratuitamente. O projeto, que conta com a parceria de diversas ONGs e institui\u00e7\u00f5es educacionais, j\u00e1 beneficiou mais de 5.000 alunos em sua [&hellip;]<\/p>\n","protected":false},"author":1,"featured_media":146,"comment_status":"closed","ping_status":"closed","sticky":false,"template":"","format":"standard","meta":{"footnotes":""},"categories":[10],"tags":[29,30],"class_list":["post-149","post","type-post","status-publish","format-standard","has-post-thumbnail","hentry","category-educacao","tag-educacao","tag-escolas"],"_links":{"self":[{"href":"https:\/\/projetos.f3fabioramos.com.br\/news\/wp-json\/wp\/v2\/posts\/149","targetHints":{"allow":["GET"]}}],"collection":[{"href":"https:\/\/projetos.f3fabioramos.com.br\/news\/wp-json\/wp\/v2\/posts"}],"about":[{"href":"https:\/\/projetos.f3fabioramos.com.br\/news\/wp-json\/wp\/v2\/types\/post"}],"author":[{"embeddable":true,"href":"https:\/\/projetos.f3fabioramos.com.br\/news\/wp-json\/wp\/v2\/users\/1"}],"replies":[{"embeddable":true,"href":"https:\/\/projetos.f3fabioramos.com.br\/news\/wp-json\/wp\/v2\/comments?post=149"}],"version-history":[{"count":3,"href":"https:\/\/projetos.f3fabioramos.com.br\/news\/wp-json\/wp\/v2\/posts\/149\/revisions"}],"predecessor-version":[{"id":2230,"href":"https:\/\/projetos.f3fabioramos.com.br\/news\/wp-json\/wp\/v2\/posts\/149\/revisions\/2230"}],"wp:featuredmedia":[{"embeddable":true,"href":"https:\/\/projetos.f3fabioramos.com.br\/news\/wp-json\/wp\/v2\/media\/146"}],"wp:attachment":[{"href":"https:\/\/projetos.f3fabioramos.com.br\/news\/wp-json\/wp\/v2\/media?parent=149"}],"wp:term":[{"taxonomy":"category","embeddable":true,"href":"https:\/\/projetos.f3fabioramos.com.br\/news\/wp-json\/wp\/v2\/categories?post=149"},{"taxonomy":"post_tag","embeddable":true,"href":"https:\/\/projetos.f3fabioramos.com.br\/news\/wp-json\/wp\/v2\/tags?post=149"}],"curies":[{"name":"wp","href":"https:\/\/api.w.org\/{rel}","templated":true}]}}