{"id":2085,"date":"2024-12-11T16:16:52","date_gmt":"2024-12-11T19:16:52","guid":{"rendered":"https:\/\/projetos.f3solucoesweb.com.br\/news2\/?p=2085"},"modified":"2024-12-23T14:20:33","modified_gmt":"2024-12-23T17:20:33","slug":"automacao-e-inteligencia-artificial-novas-demissoes-em-massa-abalam-o-setor-de-servicos","status":"publish","type":"post","link":"https:\/\/projetos.f3fabioramos.com.br\/news\/automacao-e-inteligencia-artificial-novas-demissoes-em-massa-abalam-o-setor-de-servicos\/","title":{"rendered":"7 &#8211; Automa\u00e7\u00e3o e Intelig\u00eancia Artificial: Novas Demiss\u00f5es em Massa Abalam o Setor de Servi\u00e7os"},"content":{"rendered":"<p data-sourcepos=\"9:1-9:383\">Em um cen\u00e1rio global marcado por avan\u00e7os tecnol\u00f3gicos acelerados, a automa\u00e7\u00e3o e a intelig\u00eancia artificial est\u00e3o desencadeando uma nova onda de transforma\u00e7\u00f5es no mercado de trabalho. Grandes empresas de diversos setores, desde a tecnologia at\u00e9 o varejo, anunciaram recentemente cortes de empregos em massa, substituindo fun\u00e7\u00f5es antes realizadas por humanos por sistemas automatizados.<\/p>\n<p data-sourcepos=\"11:1-11:297\">A ind\u00fastria de servi\u00e7os, tradicionalmente vista como um setor mais resistente \u00e0 automa\u00e7\u00e3o, tem sido duramente atingida. Call centers, atendimento ao cliente e at\u00e9 mesmo algumas fun\u00e7\u00f5es administrativas est\u00e3o sendo automatizadas, com o uso de chatbots e rob\u00f4s capazes de realizar tarefas complexas.<\/p>\n<p data-sourcepos=\"13:1-13:49\"><strong>As principais causas dessa transforma\u00e7\u00e3o s\u00e3o:<\/strong><\/p>\n<ul data-sourcepos=\"15:1-18:0\">\n<li data-sourcepos=\"15:1-15:107\"><strong>Aumento da efici\u00eancia:<\/strong> A automa\u00e7\u00e3o permite que as empresas reduzam custos e aumentem a produtividade.<\/li>\n<li data-sourcepos=\"16:1-16:174\"><strong>Demanda por personaliza\u00e7\u00e3o:<\/strong> Os consumidores buscam cada vez mais experi\u00eancias personalizadas, o que pode ser alcan\u00e7ado atrav\u00e9s de algoritmos de intelig\u00eancia artificial.<\/li>\n<li data-sourcepos=\"17:1-18:0\"><strong>Pandemia de COVID-19:<\/strong> A pandemia acelerou a ado\u00e7\u00e3o de tecnologias digitais, impulsionando a automa\u00e7\u00e3o em diversos setores.<\/li>\n<\/ul>\n<p data-sourcepos=\"19:1-19:55\"><strong>As consequ\u00eancias dessa nova realidade s\u00e3o diversas:<\/strong><\/p>\n<ul data-sourcepos=\"21:1-24:0\">\n<li data-sourcepos=\"21:1-21:139\"><strong>Desemprego em massa:<\/strong> A automa\u00e7\u00e3o pode levar a um aumento do desemprego, especialmente em setores com alta intensidade de m\u00e3o de obra.<\/li>\n<li data-sourcepos=\"22:1-22:201\"><strong>Mudan\u00e7a no perfil profissional:<\/strong> Os trabalhadores precisar\u00e3o adquirir novas habilidades para se adaptarem ao novo mercado de trabalho, como programa\u00e7\u00e3o, an\u00e1lise de dados e intelig\u00eancia artificial.<\/li>\n<li data-sourcepos=\"23:1-24:0\"><strong>Desigualdade social:<\/strong> A automa\u00e7\u00e3o pode agravar a desigualdade social, concentrando a riqueza nas m\u00e3os de poucos.<\/li>\n<\/ul>\n<p data-sourcepos=\"25:1-25:231\"><strong>Estudos indicam que os empregos do futuro exigir\u00e3o um alto n\u00edvel de qualifica\u00e7\u00e3o e habilidades sociais.<\/strong> A educa\u00e7\u00e3o e a forma\u00e7\u00e3o profissional ser\u00e3o fundamentais para que os trabalhadores possam se adaptar a essa nova realidade.<\/p>\n<p data-sourcepos=\"27:1-27:205\">Governos e empresas precisam trabalhar em conjunto para criar pol\u00edticas p\u00fablicas e programas de qualifica\u00e7\u00e3o que amorte\u00e7am os impactos da automa\u00e7\u00e3o e garantam uma transi\u00e7\u00e3o justa para o futuro do trabalho.<\/p>\n","protected":false},"excerpt":{"rendered":"<p>Em um cen\u00e1rio global marcado por avan\u00e7os tecnol\u00f3gicos acelerados, a automa\u00e7\u00e3o e a intelig\u00eancia artificial est\u00e3o desencadeando uma nova onda de transforma\u00e7\u00f5es no mercado de trabalho. Grandes empresas de diversos setores, desde a tecnologia at\u00e9 o varejo, anunciaram recentemente cortes de empregos em massa, substituindo fun\u00e7\u00f5es antes realizadas por humanos por sistemas automatizados. A ind\u00fastria [&hellip;]<\/p>\n","protected":false},"author":3,"featured_media":51,"comment_status":"closed","ping_status":"closed","sticky":false,"template":"","format":"standard","meta":{"footnotes":""},"categories":[6],"tags":[55,58,59,60,56,57,43],"class_list":["post-2085","post","type-post","status-publish","format-standard","has-post-thumbnail","hentry","category-economia","tag-automacao","tag-desemprego","tag-futuro-do-trabalho","tag-industria-4-0","tag-inteligencia-artificial","tag-mercado-de-trabalho","tag-tecnologia"],"_links":{"self":[{"href":"https:\/\/projetos.f3fabioramos.com.br\/news\/wp-json\/wp\/v2\/posts\/2085","targetHints":{"allow":["GET"]}}],"collection":[{"href":"https:\/\/projetos.f3fabioramos.com.br\/news\/wp-json\/wp\/v2\/posts"}],"about":[{"href":"https:\/\/projetos.f3fabioramos.com.br\/news\/wp-json\/wp\/v2\/types\/post"}],"author":[{"embeddable":true,"href":"https:\/\/projetos.f3fabioramos.com.br\/news\/wp-json\/wp\/v2\/users\/3"}],"replies":[{"embeddable":true,"href":"https:\/\/projetos.f3fabioramos.com.br\/news\/wp-json\/wp\/v2\/comments?post=2085"}],"version-history":[{"count":2,"href":"https:\/\/projetos.f3fabioramos.com.br\/news\/wp-json\/wp\/v2\/posts\/2085\/revisions"}],"predecessor-version":[{"id":2214,"href":"https:\/\/projetos.f3fabioramos.com.br\/news\/wp-json\/wp\/v2\/posts\/2085\/revisions\/2214"}],"wp:featuredmedia":[{"embeddable":true,"href":"https:\/\/projetos.f3fabioramos.com.br\/news\/wp-json\/wp\/v2\/media\/51"}],"wp:attachment":[{"href":"https:\/\/projetos.f3fabioramos.com.br\/news\/wp-json\/wp\/v2\/media?parent=2085"}],"wp:term":[{"taxonomy":"category","embeddable":true,"href":"https:\/\/projetos.f3fabioramos.com.br\/news\/wp-json\/wp\/v2\/categories?post=2085"},{"taxonomy":"post_tag","embeddable":true,"href":"https:\/\/projetos.f3fabioramos.com.br\/news\/wp-json\/wp\/v2\/tags?post=2085"}],"curies":[{"name":"wp","href":"https:\/\/api.w.org\/{rel}","templated":true}]}}