{"id":2095,"date":"2024-12-10T21:32:57","date_gmt":"2024-12-11T00:32:57","guid":{"rendered":"https:\/\/projetos.f3solucoesweb.com.br\/news2\/?p=2095"},"modified":"2025-04-12T09:58:00","modified_gmt":"2025-04-12T12:58:00","slug":"inflacao-desacelera-mas-juros-seguem-pressionando-a-economia","status":"publish","type":"post","link":"https:\/\/projetos.f3fabioramos.com.br\/news\/inflacao-desacelera-mas-juros-seguem-pressionando-a-economia\/","title":{"rendered":"9 &#8211; Infla\u00e7\u00e3o desacelera, mas juros seguem pressionando a economia"},"content":{"rendered":"<div class=\"cdk-visually-hidden cdk-focus-trap-anchor\" aria-hidden=\"true\">\n<div id=\"model-response-message-contentr_cded3e4e303a9709\" class=\"markdown markdown-main-panel response-optimization\" dir=\"ltr\">\n<h2 data-sourcepos=\"1:1-1:50\"><strong>Not\u00edcia Recente sobre a Economia Brasileira<\/strong><\/h2>\n<h3 data-sourcepos=\"3:1-3:69\"><strong>Infla\u00e7\u00e3o desacelera, mas juros seguem pressionando a economia<\/strong><\/h3>\n<p data-sourcepos=\"5:1-5:73\"><strong>[Insira uma imagem de um gr\u00e1fico demonstrando a varia\u00e7\u00e3o da infla\u00e7\u00e3o]<\/strong><\/p>\n<p data-sourcepos=\"7:1-7:342\">O \u00cdndice Nacional de Pre\u00e7os ao Consumidor Amplo (IPCA), principal indicador da infla\u00e7\u00e3o no Brasil, registrou uma desacelera\u00e7\u00e3o nos \u00faltimos meses, segundo dados divulgados pelo Instituto Brasileiro de Geografia e Estat\u00edstica (IBGE). A queda nos pre\u00e7os foi impulsionada, principalmente, pela redu\u00e7\u00e3o dos custos dos alimentos e dos combust\u00edveis.<\/p>\n<p data-sourcepos=\"9:1-9:307\"><strong>Mas nem tudo s\u00e3o boas not\u00edcias.<\/strong> Apesar da desacelera\u00e7\u00e3o da infla\u00e7\u00e3o, a taxa b\u00e1sica de juros, a Selic, segue em patamar elevado, o que impacta negativamente o consumo e os investimentos. O Banco Central tem mantido a taxa elevada com o objetivo de controlar a infla\u00e7\u00e3o e garantir a estabilidade da moeda.<\/p>\n<p data-sourcepos=\"11:1-11:33\"><strong>Principais pontos da not\u00edcia:<\/strong><\/p>\n<ul data-sourcepos=\"13:1-16:0\">\n<li data-sourcepos=\"13:1-13:120\"><strong>Desacelera\u00e7\u00e3o da infla\u00e7\u00e3o:<\/strong> A queda nos pre\u00e7os de alimentos e combust\u00edveis contribuiu para a desacelera\u00e7\u00e3o do IPCA.<\/li>\n<li data-sourcepos=\"14:1-14:104\"><strong>Juros elevados:<\/strong> A taxa Selic permanece em patamar elevado, o que impacta negativamente a economia.<\/li>\n<li data-sourcepos=\"15:1-16:0\"><strong>Expectativas para o futuro:<\/strong> Economistas divergem sobre as perspectivas para a economia brasileira em 2024, com alguns prevendo uma recupera\u00e7\u00e3o gradual e outros alertando para os riscos de uma nova recess\u00e3o.<\/li>\n<\/ul>\n<p data-sourcepos=\"17:1-17:43\"><strong>O que isso significa para o brasileiro?<\/strong><\/p>\n<p data-sourcepos=\"19:1-19:299\">A desacelera\u00e7\u00e3o da infla\u00e7\u00e3o \u00e9 uma boa not\u00edcia para os consumidores, pois significa que os pre\u00e7os dos produtos e servi\u00e7os est\u00e3o aumentando em um ritmo menor. No entanto, a taxa de juros elevada continua a pressionar o bolso dos brasileiros, com o aumento das parcelas de financiamentos e empr\u00e9stimos.<\/p>\n<p data-sourcepos=\"21:1-21:56\"><strong>[Insira um depoimento de um economista sobre o tema]<\/strong><\/p>\n<p data-sourcepos=\"23:1-23:318\">&#8220;A desacelera\u00e7\u00e3o da infla\u00e7\u00e3o \u00e9 um sinal positivo, mas \u00e9 preciso acompanhar a evolu\u00e7\u00e3o dos pre\u00e7os nos pr\u00f3ximos meses. A taxa de juros elevada continua sendo um desafio para a economia, e sua manuten\u00e7\u00e3o por um longo per\u00edodo pode prejudicar o crescimento econ\u00f4mico&#8221;, afirma [Nome do economista], diretor da [Institui\u00e7\u00e3o].<\/p>\n<figure id=\"attachment_2099\" aria-describedby=\"caption-attachment-2099\" style=\"width: 638px\" class=\"wp-caption alignnone\"><img fetchpriority=\"high\" decoding=\"async\" class=\"wp-image-2099 size-full\" src=\"https:\/\/projetos.f3fabioramos.com.br\/news\/\/wp-content\/uploads\/2024\/12\/image-26.webp\" alt=\"\" width=\"638\" height=\"450\" srcset=\"https:\/\/projetos.f3fabioramos.com.br\/news\/wp-content\/uploads\/2024\/12\/image-26.webp 638w, https:\/\/projetos.f3fabioramos.com.br\/news\/wp-content\/uploads\/2024\/12\/image-26-300x212.webp 300w\" sizes=\"(max-width: 638px) 100vw, 638px\" \/><figcaption id=\"caption-attachment-2099\" class=\"wp-caption-text\">Infla\u00e7\u00e3o desacelera, mas juros seguem pressionando a economia<\/figcaption><\/figure>\n<p data-sourcepos=\"27:1-27:50\"><strong>Poss\u00edveis desdobramentos para outras not\u00edcias:<\/strong><\/p>\n<ul data-sourcepos=\"29:1-33:0\">\n<li data-sourcepos=\"29:1-29:149\"><strong>Impacto da infla\u00e7\u00e3o e dos juros no mercado de trabalho:<\/strong> Analisar como a infla\u00e7\u00e3o e os juros est\u00e3o afetando a gera\u00e7\u00e3o de empregos e os sal\u00e1rios.<\/li>\n<li data-sourcepos=\"30:1-30:151\"><strong>Perspectivas para os principais setores da economia:<\/strong> Analisar as perspectivas de crescimento para setores como ind\u00fastria, agricultura e servi\u00e7os.<\/li>\n<li data-sourcepos=\"31:1-31:129\"><strong>Pol\u00edtica econ\u00f4mica:<\/strong> Avaliar as medidas adotadas pelo governo para controlar a infla\u00e7\u00e3o e estimular o crescimento econ\u00f4mico.<\/li>\n<li data-sourcepos=\"32:1-33:0\"><strong>Cen\u00e1rio internacional:<\/strong> Analisar como o cen\u00e1rio econ\u00f4mico internacional est\u00e1 afetando a economia brasileira.<\/li>\n<\/ul>\n<p data-sourcepos=\"34:1-34:112\">\n<\/div>\n<\/div>\n","protected":false},"excerpt":{"rendered":"<p>Not\u00edcia Recente sobre a Economia Brasileira Infla\u00e7\u00e3o desacelera, mas juros seguem pressionando a economia [Insira uma imagem de um gr\u00e1fico demonstrando a varia\u00e7\u00e3o da infla\u00e7\u00e3o] O \u00cdndice Nacional de Pre\u00e7os ao Consumidor Amplo (IPCA), principal indicador da infla\u00e7\u00e3o no Brasil, registrou uma desacelera\u00e7\u00e3o nos \u00faltimos meses, segundo dados divulgados pelo Instituto Brasileiro de Geografia e [&hellip;]<\/p>\n","protected":false},"author":1,"featured_media":2096,"comment_status":"closed","ping_status":"closed","sticky":false,"template":"","format":"standard","meta":{"footnotes":""},"categories":[6],"tags":[72,50,71,51,69,52,70],"class_list":["post-2095","post","type-post","status-publish","format-standard","has-post-thumbnail","hentry","category-economia","tag-banco-central","tag-crescimento-economico","tag-economia-brasileira","tag-inflacao","tag-ipca","tag-juros","tag-taxa-selic"],"_links":{"self":[{"href":"https:\/\/projetos.f3fabioramos.com.br\/news\/wp-json\/wp\/v2\/posts\/2095","targetHints":{"allow":["GET"]}}],"collection":[{"href":"https:\/\/projetos.f3fabioramos.com.br\/news\/wp-json\/wp\/v2\/posts"}],"about":[{"href":"https:\/\/projetos.f3fabioramos.com.br\/news\/wp-json\/wp\/v2\/types\/post"}],"author":[{"embeddable":true,"href":"https:\/\/projetos.f3fabioramos.com.br\/news\/wp-json\/wp\/v2\/users\/1"}],"replies":[{"embeddable":true,"href":"https:\/\/projetos.f3fabioramos.com.br\/news\/wp-json\/wp\/v2\/comments?post=2095"}],"version-history":[{"count":4,"href":"https:\/\/projetos.f3fabioramos.com.br\/news\/wp-json\/wp\/v2\/posts\/2095\/revisions"}],"predecessor-version":[{"id":2216,"href":"https:\/\/projetos.f3fabioramos.com.br\/news\/wp-json\/wp\/v2\/posts\/2095\/revisions\/2216"}],"wp:featuredmedia":[{"embeddable":true,"href":"https:\/\/projetos.f3fabioramos.com.br\/news\/wp-json\/wp\/v2\/media\/2096"}],"wp:attachment":[{"href":"https:\/\/projetos.f3fabioramos.com.br\/news\/wp-json\/wp\/v2\/media?parent=2095"}],"wp:term":[{"taxonomy":"category","embeddable":true,"href":"https:\/\/projetos.f3fabioramos.com.br\/news\/wp-json\/wp\/v2\/categories?post=2095"},{"taxonomy":"post_tag","embeddable":true,"href":"https:\/\/projetos.f3fabioramos.com.br\/news\/wp-json\/wp\/v2\/tags?post=2095"}],"curies":[{"name":"wp","href":"https:\/\/api.w.org\/{rel}","templated":true}]}}