{"id":2119,"date":"2024-12-11T12:45:46","date_gmt":"2024-12-11T15:45:46","guid":{"rendered":"https:\/\/projetos.f3solucoesweb.com.br\/news2\/?p=2119"},"modified":"2024-12-23T14:20:43","modified_gmt":"2024-12-23T17:20:43","slug":"novo-ensino-medio-implementacao-enfrenta-desafios-e-gera-debates","status":"publish","type":"post","link":"https:\/\/projetos.f3fabioramos.com.br\/news\/novo-ensino-medio-implementacao-enfrenta-desafios-e-gera-debates\/","title":{"rendered":"8 &#8211; Novo Ensino M\u00e9dio: Implementa\u00e7\u00e3o enfrenta desafios e gera debates"},"content":{"rendered":"<p data-sourcepos=\"7:1-7:400\">A nova reforma do ensino m\u00e9dio, implementada gradualmente em todo o Brasil, continua gerando debates e enfrentando desafios. A mudan\u00e7a na estrutura curricular, com a introdu\u00e7\u00e3o de itiner\u00e1rios formativos, tem como objetivo oferecer aos estudantes uma forma\u00e7\u00e3o mais flex\u00edvel e alinhada \u00e0s demandas do mercado de trabalho. No entanto, a implementa\u00e7\u00e3o da reforma tem sido marcada por diversos obst\u00e1culos.<\/p>\n<p data-sourcepos=\"9:1-9:24\"><strong>Principais desafios:<\/strong><\/p>\n<ul data-sourcepos=\"11:1-14:0\">\n<li data-sourcepos=\"11:1-11:225\"><strong>Falta de recursos:<\/strong> Muitas escolas p\u00fablicas enfrentam dificuldades para implementar a reforma devido \u00e0 falta de recursos financeiros para adquirir materiais did\u00e1ticos, laborat\u00f3rios e contratar professores especializados.<\/li>\n<li data-sourcepos=\"12:1-12:180\"><strong>Forma\u00e7\u00e3o dos professores:<\/strong> A adapta\u00e7\u00e3o dos professores \u00e0 nova estrutura curricular exige uma forma\u00e7\u00e3o continuada espec\u00edfica, o que ainda n\u00e3o \u00e9 uma realidade em muitas escolas.<\/li>\n<li data-sourcepos=\"13:1-14:0\"><strong>Infraestrutura:<\/strong> A falta de infraestrutura adequada em muitas escolas tamb\u00e9m dificulta a implementa\u00e7\u00e3o da reforma, especialmente no que diz respeito aos itiner\u00e1rios formativos que exigem espa\u00e7os e equipamentos espec\u00edficos.<\/li>\n<\/ul>\n<p data-sourcepos=\"15:1-15:24\"><strong>Impactos da reforma:<\/strong><\/p>\n<ul data-sourcepos=\"17:1-20:0\">\n<li data-sourcepos=\"17:1-17:236\"><strong>Aumento da autonomia:<\/strong> A nova estrutura curricular permite que os estudantes escolham os itiner\u00e1rios formativos que mais se adequam aos seus interesses e projetos de vida, o que pode aumentar a autonomia e o engajamento dos alunos.<\/li>\n<li data-sourcepos=\"18:1-18:193\"><strong>Articula\u00e7\u00e3o com o mercado de trabalho:<\/strong> A oferta de itiner\u00e1rios formativos alinhados \u00e0s demandas do mercado de trabalho pode facilitar a transi\u00e7\u00e3o dos estudantes para o mundo profissional.<\/li>\n<li data-sourcepos=\"19:1-20:0\"><strong>Desigualdade:<\/strong> A falta de recursos e a desigualdade entre as escolas podem aprofundar as diferen\u00e7as entre os estudantes, com aqueles que estudam em escolas particulares ou em escolas p\u00fablicas com mais recursos tendo mais oportunidades.<\/li>\n<\/ul>\n<p data-sourcepos=\"21:1-21:33\"><strong>O que dizem os especialistas:<\/strong><\/p>\n<p data-sourcepos=\"25:1-25:344\"><strong>Pedro Cabral,<\/strong> especialista em educa\u00e7\u00e3o, afirma que &#8220;a nova reforma do ensino m\u00e9dio \u00e9 um passo importante para modernizar a educa\u00e7\u00e3o brasileira, mas \u00e9 preciso garantir que todos os estudantes tenham acesso \u00e0s mesmas oportunidades. A falta de recursos e a desigualdade entre as escolas s\u00e3o os principais desafios a serem superados&#8221;.<\/p>\n<p data-sourcepos=\"29:1-29:50\"><strong>Poss\u00edveis desdobramentos para outras not\u00edcias:<\/strong><\/p>\n<ul data-sourcepos=\"31:1-35:0\">\n<li data-sourcepos=\"31:1-31:144\"><strong>Impacto da pandemia na implementa\u00e7\u00e3o da reforma:<\/strong> Analisar como a pandemia da Covid-19 afetou a implementa\u00e7\u00e3o da nova estrutura curricular.<\/li>\n<li data-sourcepos=\"32:1-32:162\"><strong>A opini\u00e3o dos estudantes sobre a nova reforma:<\/strong> Realizar pesquisas com estudantes para entender suas expectativas e dificuldades em rela\u00e7\u00e3o \u00e0 nova estrutura.<\/li>\n<li data-sourcepos=\"33:1-33:173\"><strong>O papel das fam\u00edlias na escolha dos itiner\u00e1rios formativos:<\/strong> Discutir a import\u00e2ncia da participa\u00e7\u00e3o das fam\u00edlias na escolha dos itiner\u00e1rios formativos pelos estudantes.<\/li>\n<li data-sourcepos=\"34:1-35:0\"><strong>A forma\u00e7\u00e3o dos professores:<\/strong> Analisar as pol\u00edticas p\u00fablicas para a forma\u00e7\u00e3o continuada dos professores e as iniciativas para qualificar os profissionais para atuarem na nova estrutura curricular.<\/li>\n<\/ul>\n","protected":false},"excerpt":{"rendered":"<p>A nova reforma do ensino m\u00e9dio, implementada gradualmente em todo o Brasil, continua gerando debates e enfrentando desafios. A mudan\u00e7a na estrutura curricular, com a introdu\u00e7\u00e3o de itiner\u00e1rios formativos, tem como objetivo oferecer aos estudantes uma forma\u00e7\u00e3o mais flex\u00edvel e alinhada \u00e0s demandas do mercado de trabalho. No entanto, a implementa\u00e7\u00e3o da reforma tem sido [&hellip;]<\/p>\n","protected":false},"author":4,"featured_media":2121,"comment_status":"closed","ping_status":"closed","sticky":false,"template":"","format":"standard","meta":{"footnotes":""},"categories":[10],"tags":[79,29,77,81,80,78],"class_list":["post-2119","post","type-post","status-publish","format-standard","has-post-thumbnail","hentry","category-educacao","tag-desigualdade","tag-educacao","tag-ensino-medio","tag-pandemia","tag-recursos","tag-reforma"],"_links":{"self":[{"href":"https:\/\/projetos.f3fabioramos.com.br\/news\/wp-json\/wp\/v2\/posts\/2119","targetHints":{"allow":["GET"]}}],"collection":[{"href":"https:\/\/projetos.f3fabioramos.com.br\/news\/wp-json\/wp\/v2\/posts"}],"about":[{"href":"https:\/\/projetos.f3fabioramos.com.br\/news\/wp-json\/wp\/v2\/types\/post"}],"author":[{"embeddable":true,"href":"https:\/\/projetos.f3fabioramos.com.br\/news\/wp-json\/wp\/v2\/users\/4"}],"replies":[{"embeddable":true,"href":"https:\/\/projetos.f3fabioramos.com.br\/news\/wp-json\/wp\/v2\/comments?post=2119"}],"version-history":[{"count":2,"href":"https:\/\/projetos.f3fabioramos.com.br\/news\/wp-json\/wp\/v2\/posts\/2119\/revisions"}],"predecessor-version":[{"id":2215,"href":"https:\/\/projetos.f3fabioramos.com.br\/news\/wp-json\/wp\/v2\/posts\/2119\/revisions\/2215"}],"wp:featuredmedia":[{"embeddable":true,"href":"https:\/\/projetos.f3fabioramos.com.br\/news\/wp-json\/wp\/v2\/media\/2121"}],"wp:attachment":[{"href":"https:\/\/projetos.f3fabioramos.com.br\/news\/wp-json\/wp\/v2\/media?parent=2119"}],"wp:term":[{"taxonomy":"category","embeddable":true,"href":"https:\/\/projetos.f3fabioramos.com.br\/news\/wp-json\/wp\/v2\/categories?post=2119"},{"taxonomy":"post_tag","embeddable":true,"href":"https:\/\/projetos.f3fabioramos.com.br\/news\/wp-json\/wp\/v2\/tags?post=2119"}],"curies":[{"name":"wp","href":"https:\/\/api.w.org\/{rel}","templated":true}]}}