{"id":2125,"date":"2024-12-11T22:05:46","date_gmt":"2024-12-12T01:05:46","guid":{"rendered":"https:\/\/projetos.f3solucoesweb.com.br\/news2\/?p=2125"},"modified":"2024-12-23T14:20:15","modified_gmt":"2024-12-23T17:20:15","slug":"crise-hidrica-ameaca-a-producao-industrial-e-energia-no-brasil","status":"publish","type":"post","link":"https:\/\/projetos.f3fabioramos.com.br\/news\/crise-hidrica-ameaca-a-producao-industrial-e-energia-no-brasil\/","title":{"rendered":"6 &#8211; Crise H\u00eddrica Amea\u00e7a a Produ\u00e7\u00e3o Industrial e Energia no Brasil"},"content":{"rendered":"<p data-sourcepos=\"7:1-7:297\">A persistente crise h\u00eddrica no Brasil est\u00e1 se tornando um dos maiores desafios para a economia nacional. A falta de chuvas e a redu\u00e7\u00e3o dos n\u00edveis dos reservat\u00f3rios t\u00eam impactado diretamente a produ\u00e7\u00e3o industrial e a gera\u00e7\u00e3o de energia el\u00e9trica, com consequ\u00eancias para diversos setores da economia.<\/p>\n<p data-sourcepos=\"9:1-9:30\"><strong>Impactos da crise h\u00eddrica:<\/strong><\/p>\n<ul data-sourcepos=\"11:1-14:0\">\n<li data-sourcepos=\"11:1-11:205\"><strong>Setor energ\u00e9tico:<\/strong> A gera\u00e7\u00e3o de energia hidrel\u00e9trica, principal fonte de energia do pa\u00eds, tem sido comprometida, levando ao aumento dos custos de produ\u00e7\u00e3o e \u00e0 possibilidade de racionamento de energia.<\/li>\n<li data-sourcepos=\"12:1-12:224\"><strong>Ind\u00fastria:<\/strong> Diversos setores industriais, como o metal\u00fargico, o qu\u00edmico e o de papel e celulose, dependem da \u00e1gua para seus processos produtivos. A falta de \u00e1gua pode levar \u00e0 redu\u00e7\u00e3o da produ\u00e7\u00e3o e ao aumento dos custos.<\/li>\n<li data-sourcepos=\"13:1-14:0\"><strong>Agricultura:<\/strong> A agricultura, especialmente nas regi\u00f5es mais afetadas pela seca, enfrenta dificuldades para irrigar as lavouras, o que pode levar \u00e0 redu\u00e7\u00e3o da produ\u00e7\u00e3o e \u00e0 eleva\u00e7\u00e3o dos pre\u00e7os dos alimentos.<\/li>\n<\/ul>\n<p data-sourcepos=\"15:1-15:35\"><strong>Medidas para enfrentar a crise:<\/strong><\/p>\n<p data-sourcepos=\"17:1-17:116\">O governo federal e as empresas do setor el\u00e9trico t\u00eam adotado diversas medidas para enfrentar a crise h\u00eddrica, como:<\/p>\n<ul data-sourcepos=\"19:1-22:0\">\n<li data-sourcepos=\"19:1-19:174\"><strong>Racionamento de energia:<\/strong> A possibilidade de racionamento de energia tem sido discutida, com o objetivo de garantir o abastecimento durante os per\u00edodos de maior demanda.<\/li>\n<li data-sourcepos=\"20:1-20:204\"><strong>Incentivo \u00e0 gera\u00e7\u00e3o de energia renov\u00e1vel:<\/strong> O governo tem buscado incentivar a gera\u00e7\u00e3o de energia a partir de fontes renov\u00e1veis, como a solar e a e\u00f3lica, para diversificar a matriz energ\u00e9tica do pa\u00eds.<\/li>\n<li data-sourcepos=\"21:1-22:0\"><strong>Efici\u00eancia energ\u00e9tica:<\/strong> Campanhas de conscientiza\u00e7\u00e3o sobre a import\u00e2ncia da efici\u00eancia energ\u00e9tica t\u00eam sido intensificadas, com o objetivo de reduzir o consumo de energia el\u00e9trica.<\/li>\n<\/ul>\n<p data-sourcepos=\"25:1-25:256\">&#8220;A crise h\u00eddrica \u00e9 um desafio complexo que exige uma resposta coordenada de todos os setores da sociedade. \u00c9 fundamental investir em solu\u00e7\u00f5es de longo prazo para garantir a seguran\u00e7a h\u00eddrica do pa\u00eds&#8221;, afirma [Nome do especialista], especialista em energia.<\/p>\n<figure id=\"attachment_2127\" aria-describedby=\"caption-attachment-2127\" style=\"width: 677px\" class=\"wp-caption alignnone\"><img fetchpriority=\"high\" decoding=\"async\" class=\"wp-image-2127 \" src=\"https:\/\/projetos.f3fabioramos.com.br\/news\/\/wp-content\/uploads\/2024\/12\/Balanco-Nacional-2020-1024x568-1.webp\" alt=\"\" width=\"677\" height=\"375\" srcset=\"https:\/\/projetos.f3fabioramos.com.br\/news\/wp-content\/uploads\/2024\/12\/Balanco-Nacional-2020-1024x568-1.webp 1024w, https:\/\/projetos.f3fabioramos.com.br\/news\/wp-content\/uploads\/2024\/12\/Balanco-Nacional-2020-1024x568-1-300x166.webp 300w, https:\/\/projetos.f3fabioramos.com.br\/news\/wp-content\/uploads\/2024\/12\/Balanco-Nacional-2020-1024x568-1-768x426.webp 768w\" sizes=\"(max-width: 677px) 100vw, 677px\" \/><figcaption id=\"caption-attachment-2127\" class=\"wp-caption-text\">Discutir a rela\u00e7\u00e3o entre as mudan\u00e7as clim\u00e1ticas e a intensifica\u00e7\u00e3o de eventos extremos, como a seca<\/figcaption><\/figure>\n<p data-sourcepos=\"29:1-29:50\"><strong>Poss\u00edveis desdobramentos para outras not\u00edcias:<\/strong><\/p>\n<ul data-sourcepos=\"31:1-34:0\">\n<li data-sourcepos=\"31:1-31:186\"><strong>Impacto da crise h\u00eddrica na infla\u00e7\u00e3o:<\/strong> Analisar como a crise h\u00eddrica pode contribuir para o aumento da infla\u00e7\u00e3o, devido ao aumento dos custos de produ\u00e7\u00e3o e dos pre\u00e7os dos alimentos.<\/li>\n<li data-sourcepos=\"32:1-32:156\"><strong>O papel das mudan\u00e7as clim\u00e1ticas na crise h\u00eddrica:<\/strong> Discutir a rela\u00e7\u00e3o entre as mudan\u00e7as clim\u00e1ticas e a intensifica\u00e7\u00e3o de eventos extremos, como a seca.<\/li>\n<li data-sourcepos=\"33:1-34:0\"><strong>Investimento em infraestrutura h\u00eddrica:<\/strong> Analisar a necessidade de investimentos em infraestrutura h\u00eddrica para garantir o abastecimento de \u00e1gua e energia no futuro.<\/li>\n<\/ul>\n","protected":false},"excerpt":{"rendered":"<p>A persistente crise h\u00eddrica no Brasil est\u00e1 se tornando um dos maiores desafios para a economia nacional. A falta de chuvas e a redu\u00e7\u00e3o dos n\u00edveis dos reservat\u00f3rios t\u00eam impactado diretamente a produ\u00e7\u00e3o industrial e a gera\u00e7\u00e3o de energia el\u00e9trica, com consequ\u00eancias para diversos setores da economia. Impactos da crise h\u00eddrica: Setor energ\u00e9tico: A gera\u00e7\u00e3o [&hellip;]<\/p>\n","protected":false},"author":4,"featured_media":2126,"comment_status":"closed","ping_status":"closed","sticky":false,"template":"","format":"standard","meta":{"footnotes":""},"categories":[6],"tags":[86,83,82,84,85,88,89,87],"class_list":["post-2125","post","type-post","status-publish","format-standard","has-post-thumbnail","hentry","category-economia","tag-agricultura","tag-brasil","tag-crise-hidrica","tag-energia","tag-industria","tag-racionamento","tag-reservatorios","tag-seca"],"_links":{"self":[{"href":"https:\/\/projetos.f3fabioramos.com.br\/news\/wp-json\/wp\/v2\/posts\/2125","targetHints":{"allow":["GET"]}}],"collection":[{"href":"https:\/\/projetos.f3fabioramos.com.br\/news\/wp-json\/wp\/v2\/posts"}],"about":[{"href":"https:\/\/projetos.f3fabioramos.com.br\/news\/wp-json\/wp\/v2\/types\/post"}],"author":[{"embeddable":true,"href":"https:\/\/projetos.f3fabioramos.com.br\/news\/wp-json\/wp\/v2\/users\/4"}],"replies":[{"embeddable":true,"href":"https:\/\/projetos.f3fabioramos.com.br\/news\/wp-json\/wp\/v2\/comments?post=2125"}],"version-history":[{"count":2,"href":"https:\/\/projetos.f3fabioramos.com.br\/news\/wp-json\/wp\/v2\/posts\/2125\/revisions"}],"predecessor-version":[{"id":2213,"href":"https:\/\/projetos.f3fabioramos.com.br\/news\/wp-json\/wp\/v2\/posts\/2125\/revisions\/2213"}],"wp:featuredmedia":[{"embeddable":true,"href":"https:\/\/projetos.f3fabioramos.com.br\/news\/wp-json\/wp\/v2\/media\/2126"}],"wp:attachment":[{"href":"https:\/\/projetos.f3fabioramos.com.br\/news\/wp-json\/wp\/v2\/media?parent=2125"}],"wp:term":[{"taxonomy":"category","embeddable":true,"href":"https:\/\/projetos.f3fabioramos.com.br\/news\/wp-json\/wp\/v2\/categories?post=2125"},{"taxonomy":"post_tag","embeddable":true,"href":"https:\/\/projetos.f3fabioramos.com.br\/news\/wp-json\/wp\/v2\/tags?post=2125"}],"curies":[{"name":"wp","href":"https:\/\/api.w.org\/{rel}","templated":true}]}}