{"id":2318,"date":"2025-02-04T17:51:26","date_gmt":"2025-02-04T20:51:26","guid":{"rendered":"https:\/\/projetos.f3solucoesweb.com.br\/news2\/?p=2318"},"modified":"2025-10-09T16:57:40","modified_gmt":"2025-10-09T19:57:40","slug":"economia-em-foco-brasil-busca-estabilidade-em-meio-a-desafios-globais","status":"publish","type":"post","link":"https:\/\/projetos.f3fabioramos.com.br\/news\/economia-em-foco-brasil-busca-estabilidade-em-meio-a-desafios-globais\/","title":{"rendered":"Economia em Foco: Brasil Busca Estabilidade em Meio a Desafios Globais"},"content":{"rendered":"<p data-sourcepos=\"3:1-3:127\"><strong>Mercado de trabalho aquecido, infla\u00e7\u00e3o sob controle e reformas em andamento s\u00e3o os pilares da estrat\u00e9gia econ\u00f4mica do pa\u00eds.<\/strong><\/p>\n<p data-sourcepos=\"5:1-5:393\">O Brasil tem se destacado no cen\u00e1rio econ\u00f4mico global, apresentando sinais de resili\u00eancia em meio a um contexto internacional desafiador. Dados recentes indicam um mercado de trabalho aquecido, com a cria\u00e7\u00e3o de [N\u00famero] vagas formais no \u00faltimo trimestre, e uma infla\u00e7\u00e3o sob controle, com o \u00edndice de [\u00cdndice de Infla\u00e7\u00e3o] registrando uma varia\u00e7\u00e3o de [Varia\u00e7\u00e3o da Infla\u00e7\u00e3o] nos \u00faltimos 12 meses.<\/p>\n<p data-sourcepos=\"7:1-7:337\">O governo tem implementado uma s\u00e9rie de medidas para impulsionar o crescimento econ\u00f4mico, incluindo investimentos em infraestrutura, desburocratiza\u00e7\u00e3o e incentivos \u00e0 inova\u00e7\u00e3o. A reforma tribut\u00e1ria, em fase de discuss\u00e3o no Congresso Nacional, \u00e9 vista como um passo fundamental para simplificar o sistema tribut\u00e1rio e atrair investimentos.<\/p>\n<p data-sourcepos=\"9:1-9:37\"><strong>Destaques da Economia Brasileira:<\/strong><\/p>\n<ul data-sourcepos=\"11:1-15:0\">\n<li data-sourcepos=\"11:1-11:181\"><strong>Crescimento do PIB:<\/strong> O Produto Interno Bruto (PIB) do Brasil cresceu [Taxa de Crescimento do PIB] no \u00faltimo ano, impulsionado pelo consumo das fam\u00edlias e pelos investimentos.<\/li>\n<li data-sourcepos=\"12:1-12:139\"><strong>Taxa de Desemprego:<\/strong> A taxa de desemprego atingiu o menor patamar em [N\u00famero] anos, refletindo a recupera\u00e7\u00e3o do mercado de trabalho.<\/li>\n<li data-sourcepos=\"13:1-13:187\"><strong>Balan\u00e7a Comercial:<\/strong> A balan\u00e7a comercial brasileira registrou um super\u00e1vit de [Valor do Super\u00e1vit] no \u00faltimo m\u00eas, impulsionado pelas exporta\u00e7\u00f5es de commodities agr\u00edcolas e minerais.<\/li>\n<li data-sourcepos=\"14:1-15:0\"><strong>Investimento Estrangeiro:<\/strong> O Brasil tem atra\u00eddo um fluxo crescente de investimento estrangeiro direto, o que contribui para o financiamento do crescimento econ\u00f4mico.<\/li>\n<\/ul>\n<p data-sourcepos=\"16:1-16:28\"><strong>Desafios e Perspectivas:<\/strong><\/p>\n<p data-sourcepos=\"18:1-18:320\">Apesar dos resultados positivos, a economia brasileira ainda enfrenta desafios importantes, como a alta taxa de juros, a instabilidade pol\u00edtica e a desacelera\u00e7\u00e3o da economia global. O governo tem adotado uma postura prudente na pol\u00edtica monet\u00e1ria, buscando conciliar o controle da infla\u00e7\u00e3o com o est\u00edmulo ao crescimento.<\/p>\n<p data-sourcepos=\"20:1-20:354\">As perspectivas para a economia brasileira nos pr\u00f3ximos anos s\u00e3o positivas, com proje\u00e7\u00f5es de crescimento do PIB e manuten\u00e7\u00e3o da infla\u00e7\u00e3o dentro da meta estabelecida pelo Banco Central. A aprova\u00e7\u00e3o da reforma tribut\u00e1ria e a continuidade das reformas microecon\u00f4micas s\u00e3o vistas como cruciais para consolidar a trajet\u00f3ria de crescimento sustent\u00e1vel do pa\u00eds.<\/p>\n<p data-sourcepos=\"22:1-22:38\"><strong>Relev\u00e2ncia da Economia Brasileira:<\/strong><\/p>\n<p data-sourcepos=\"24:1-24:387\">O Brasil \u00e9 a maior economia da Am\u00e9rica Latina e uma das maiores do mundo. Sua relev\u00e2ncia no cen\u00e1rio global tem crescido nos \u00faltimos anos, impulsionada pelo seu potencial de crescimento e pela sua diversidade econ\u00f4mica. O pa\u00eds tem desempenhado um papel importante em f\u00f3runs internacionais, como o G20, e tem se destacado na promo\u00e7\u00e3o do desenvolvimento sustent\u00e1vel e da coopera\u00e7\u00e3o Sul-Sul.<\/p>\n","protected":false},"excerpt":{"rendered":"<p>Mercado de trabalho aquecido, infla\u00e7\u00e3o sob controle e reformas em andamento s\u00e3o os pilares da estrat\u00e9gia econ\u00f4mica do pa\u00eds. O Brasil tem se destacado no cen\u00e1rio econ\u00f4mico global, apresentando sinais de resili\u00eancia em meio a um contexto internacional desafiador. Dados recentes indicam um mercado de trabalho aquecido, com a cria\u00e7\u00e3o de [N\u00famero] vagas formais no [&hellip;]<\/p>\n","protected":false},"author":3,"featured_media":2319,"comment_status":"closed","ping_status":"closed","sticky":false,"template":"","format":"standard","meta":{"footnotes":""},"categories":[6],"tags":[28,51,53,142],"class_list":["post-2318","post","type-post","status-publish","format-standard","has-post-thumbnail","hentry","category-economia","tag-economia","tag-inflacao","tag-investimento","tag-reformas"],"_links":{"self":[{"href":"https:\/\/projetos.f3fabioramos.com.br\/news\/wp-json\/wp\/v2\/posts\/2318","targetHints":{"allow":["GET"]}}],"collection":[{"href":"https:\/\/projetos.f3fabioramos.com.br\/news\/wp-json\/wp\/v2\/posts"}],"about":[{"href":"https:\/\/projetos.f3fabioramos.com.br\/news\/wp-json\/wp\/v2\/types\/post"}],"author":[{"embeddable":true,"href":"https:\/\/projetos.f3fabioramos.com.br\/news\/wp-json\/wp\/v2\/users\/3"}],"replies":[{"embeddable":true,"href":"https:\/\/projetos.f3fabioramos.com.br\/news\/wp-json\/wp\/v2\/comments?post=2318"}],"version-history":[{"count":1,"href":"https:\/\/projetos.f3fabioramos.com.br\/news\/wp-json\/wp\/v2\/posts\/2318\/revisions"}],"predecessor-version":[{"id":2320,"href":"https:\/\/projetos.f3fabioramos.com.br\/news\/wp-json\/wp\/v2\/posts\/2318\/revisions\/2320"}],"wp:featuredmedia":[{"embeddable":true,"href":"https:\/\/projetos.f3fabioramos.com.br\/news\/wp-json\/wp\/v2\/media\/2319"}],"wp:attachment":[{"href":"https:\/\/projetos.f3fabioramos.com.br\/news\/wp-json\/wp\/v2\/media?parent=2318"}],"wp:term":[{"taxonomy":"category","embeddable":true,"href":"https:\/\/projetos.f3fabioramos.com.br\/news\/wp-json\/wp\/v2\/categories?post=2318"},{"taxonomy":"post_tag","embeddable":true,"href":"https:\/\/projetos.f3fabioramos.com.br\/news\/wp-json\/wp\/v2\/tags?post=2318"}],"curies":[{"name":"wp","href":"https:\/\/api.w.org\/{rel}","templated":true}]}}