{"id":2414,"date":"2025-04-12T01:22:21","date_gmt":"2025-04-12T04:22:21","guid":{"rendered":"https:\/\/projetos.f3solucoesweb.com.br\/news2\/?p=2414"},"modified":"2025-10-09T16:56:56","modified_gmt":"2025-10-09T19:56:56","slug":"cientistas-brasileiros-criam-interface-cerebro-maquina-vestivel-e-nao-invasiva","status":"publish","type":"post","link":"https:\/\/projetos.f3fabioramos.com.br\/news\/cientistas-brasileiros-criam-interface-cerebro-maquina-vestivel-e-nao-invasiva\/","title":{"rendered":"Cientistas Brasileiros Criam Interface C\u00e9rebro-M\u00e1quina Vest\u00edvel e N\u00e3o Invasiva"},"content":{"rendered":"<h2 data-sourcepos=\"1:1-1:107\"><strong>Revolu\u00e7\u00e3o Silenciosa: Cientistas Brasileiros Criam Interface C\u00e9rebro-M\u00e1quina Vest\u00edvel e N\u00e3o Invasiva<\/strong><\/h2>\n<figure id=\"attachment_2315\" aria-describedby=\"caption-attachment-2315\" style=\"width: 800px\" class=\"wp-caption alignnone\"><img fetchpriority=\"high\" decoding=\"async\" class=\"wp-image-2315 size-large\" src=\"https:\/\/projetos.f3fabioramos.com.br\/news\/\/wp-content\/uploads\/2025\/02\/cienciacerebral-1024x512.webp\" alt=\"\" width=\"800\" height=\"400\" srcset=\"https:\/\/projetos.f3fabioramos.com.br\/news\/wp-content\/uploads\/2025\/02\/cienciacerebral-1024x512.webp 1024w, https:\/\/projetos.f3fabioramos.com.br\/news\/wp-content\/uploads\/2025\/02\/cienciacerebral-300x150.webp 300w, https:\/\/projetos.f3fabioramos.com.br\/news\/wp-content\/uploads\/2025\/02\/cienciacerebral-768x384.webp 768w, https:\/\/projetos.f3fabioramos.com.br\/news\/wp-content\/uploads\/2025\/02\/cienciacerebral.webp 1200w\" sizes=\"(max-width: 800px) 100vw, 800px\" \/><figcaption id=\"caption-attachment-2315\" class=\"wp-caption-text\">O dispositivo, apelidado de &#8220;Aurora Link&#8221;, assemelha-se a uma elegante tiara ou fone de ouvido discreto.<\/figcaption><\/figure>\n<p data-sourcepos=\"5:1-5:406\">Pesquisadores do Instituto Tecnol\u00f3gico Aurora, localizado em Macei\u00f3, Alagoas, anunciaram hoje uma inova\u00e7\u00e3o revolucion\u00e1ria no campo da interface c\u00e9rebro-m\u00e1quina (BCI). Ap\u00f3s anos de pesquisa e desenvolvimento, a equipe liderada pela Dra. Ana Clara Fonseca apresentou um dispositivo vest\u00edvel, n\u00e3o invasivo e altamente preciso que permite a comunica\u00e7\u00e3o direta entre o c\u00e9rebro humano e dispositivos eletr\u00f4nicos.<\/p>\n<p data-sourcepos=\"7:1-7:23\"><strong>Adeus aos Teclados?<\/strong><\/p>\n<p data-sourcepos=\"9:1-9:589\">O dispositivo, apelidado de &#8220;Aurora Link&#8221;, assemelha-se a uma elegante tiara ou fone de ouvido discreto. Utilizando uma combina\u00e7\u00e3o avan\u00e7ada de eletroencefalografia (EEG) de alta densidade e algoritmos de intelig\u00eancia artificial propriet\u00e1rios, o Aurora Link \u00e9 capaz de interpretar a atividade cerebral relacionada a comandos de pensamento espec\u00edficos. Em demonstra\u00e7\u00f5es impressionantes, os usu\u00e1rios conseguiram controlar interfaces de computador, digitar textos e at\u00e9 mesmo manipular bra\u00e7os rob\u00f3ticos com um n\u00edvel de precis\u00e3o surpreendente, tudo sem a necessidade de qualquer entrada f\u00edsica.<\/p>\n<p data-sourcepos=\"11:1-11:29\"><strong>Inova\u00e7\u00e3o Made in Alagoas:<\/strong><\/p>\n<p data-sourcepos=\"13:1-13:443\">A Dra. Fonseca, em uma coletiva de imprensa realizada no campus do instituto, expressou seu entusiasmo com a conquista: &#8220;Nosso objetivo sempre foi criar uma tecnologia BCI que fosse acess\u00edvel, confort\u00e1vel e verdadeiramente intuitiva. Acreditamos que o Aurora Link tem o potencial de transformar a forma como interagimos com a tecnologia, abrindo novas possibilidades para pessoas com defici\u00eancia, profissionais criativos e o p\u00fablico em geral.&#8221;<\/p>\n<figure id=\"attachment_145\" aria-describedby=\"caption-attachment-145\" style=\"width: 300px\" class=\"wp-caption alignnone\"><img decoding=\"async\" class=\"wp-image-145 size-medium\" src=\"https:\/\/projetos.f3fabioramos.com.br\/news\/\/wp-content\/uploads\/2024\/09\/36-300x150.webp\" alt=\"\" width=\"300\" height=\"150\" srcset=\"https:\/\/projetos.f3fabioramos.com.br\/news\/wp-content\/uploads\/2024\/09\/36-300x150.webp 300w, https:\/\/projetos.f3fabioramos.com.br\/news\/wp-content\/uploads\/2024\/09\/36-1024x512.webp 1024w, https:\/\/projetos.f3fabioramos.com.br\/news\/wp-content\/uploads\/2024\/09\/36-768x384.webp 768w, https:\/\/projetos.f3fabioramos.com.br\/news\/wp-content\/uploads\/2024\/09\/36.webp 1200w\" sizes=\"(max-width: 300px) 100vw, 300px\" \/><figcaption id=\"caption-attachment-145\" class=\"wp-caption-text\">&#8220;As aplica\u00e7\u00f5es potenciais do Aurora Link s\u00e3o vastas&#8221;<\/figcaption><\/figure>\n<p data-sourcepos=\"17:1-17:27\"><strong>Aplica\u00e7\u00f5es Promissoras:<\/strong><\/p>\n<p data-sourcepos=\"19:1-19:51\">As aplica\u00e7\u00f5es potenciais do Aurora Link s\u00e3o vastas:<\/p>\n<ul data-sourcepos=\"21:1-25:0\">\n<li data-sourcepos=\"21:1-21:172\"><strong>Assist\u00eancia a pessoas com defici\u00eancia:<\/strong> Permitir que indiv\u00edduos com paralisia controlem cadeiras de rodas, dispositivos de comunica\u00e7\u00e3o e pr\u00f3teses com o poder da mente.<\/li>\n<li data-sourcepos=\"22:1-22:136\"><strong>Realidade virtual e aumentada:<\/strong> Oferecer experi\u00eancias imersivas e interativas controladas diretamente pelos pensamentos do usu\u00e1rio.<\/li>\n<li data-sourcepos=\"23:1-23:127\"><strong>Controle intuitivo de dispositivos:<\/strong> Simplificar a intera\u00e7\u00e3o com smartphones, computadores e outros aparelhos eletr\u00f4nicos.<\/li>\n<li data-sourcepos=\"24:1-25:0\"><strong>Aplica\u00e7\u00f5es m\u00e9dicas:<\/strong> Monitoramento avan\u00e7ado da atividade cerebral e potenciais terapias para dist\u00farbios neurol\u00f3gicos.<\/li>\n<\/ul>\n<p data-sourcepos=\"28:1-28:20\"><strong>Pr\u00f3ximos Passos:<\/strong><\/p>\n<p data-sourcepos=\"30:1-30:289\">A equipe do Instituto Tecnol\u00f3gico Aurora planeja iniciar testes cl\u00ednicos mais amplos nos pr\u00f3ximos meses e buscar parcerias com empresas de tecnologia para levar o Aurora Link ao mercado. A expectativa \u00e9 que a tecnologia esteja dispon\u00edvel para o p\u00fablico em geral dentro de 2 anos.<\/p>\n<p data-sourcepos=\"34:1-34:123\">\n","protected":false},"excerpt":{"rendered":"<p>Revolu\u00e7\u00e3o Silenciosa: Cientistas Brasileiros Criam Interface C\u00e9rebro-M\u00e1quina Vest\u00edvel e N\u00e3o Invasiva Pesquisadores do Instituto Tecnol\u00f3gico Aurora, localizado em Macei\u00f3, Alagoas, anunciaram hoje uma inova\u00e7\u00e3o revolucion\u00e1ria no campo da interface c\u00e9rebro-m\u00e1quina (BCI). Ap\u00f3s anos de pesquisa e desenvolvimento, a equipe liderada pela Dra. Ana Clara Fonseca apresentou um dispositivo vest\u00edvel, n\u00e3o invasivo e altamente preciso que [&hellip;]<\/p>\n","protected":false},"author":7,"featured_media":2415,"comment_status":"closed","ping_status":"closed","sticky":false,"template":"","format":"standard","meta":{"footnotes":""},"categories":[8],"tags":[146,43],"class_list":["post-2414","post","type-post","status-publish","format-standard","has-post-thumbnail","hentry","category-tecnologia","tag-inovacao","tag-tecnologia"],"_links":{"self":[{"href":"https:\/\/projetos.f3fabioramos.com.br\/news\/wp-json\/wp\/v2\/posts\/2414","targetHints":{"allow":["GET"]}}],"collection":[{"href":"https:\/\/projetos.f3fabioramos.com.br\/news\/wp-json\/wp\/v2\/posts"}],"about":[{"href":"https:\/\/projetos.f3fabioramos.com.br\/news\/wp-json\/wp\/v2\/types\/post"}],"author":[{"embeddable":true,"href":"https:\/\/projetos.f3fabioramos.com.br\/news\/wp-json\/wp\/v2\/users\/7"}],"replies":[{"embeddable":true,"href":"https:\/\/projetos.f3fabioramos.com.br\/news\/wp-json\/wp\/v2\/comments?post=2414"}],"version-history":[{"count":3,"href":"https:\/\/projetos.f3fabioramos.com.br\/news\/wp-json\/wp\/v2\/posts\/2414\/revisions"}],"predecessor-version":[{"id":2440,"href":"https:\/\/projetos.f3fabioramos.com.br\/news\/wp-json\/wp\/v2\/posts\/2414\/revisions\/2440"}],"wp:featuredmedia":[{"embeddable":true,"href":"https:\/\/projetos.f3fabioramos.com.br\/news\/wp-json\/wp\/v2\/media\/2415"}],"wp:attachment":[{"href":"https:\/\/projetos.f3fabioramos.com.br\/news\/wp-json\/wp\/v2\/media?parent=2414"}],"wp:term":[{"taxonomy":"category","embeddable":true,"href":"https:\/\/projetos.f3fabioramos.com.br\/news\/wp-json\/wp\/v2\/categories?post=2414"},{"taxonomy":"post_tag","embeddable":true,"href":"https:\/\/projetos.f3fabioramos.com.br\/news\/wp-json\/wp\/v2\/tags?post=2414"}],"curies":[{"name":"wp","href":"https:\/\/api.w.org\/{rel}","templated":true}]}}