{"id":2466,"date":"2025-10-01T15:46:33","date_gmt":"2025-10-01T18:46:33","guid":{"rendered":"https:\/\/projetos.f3fabioramos.com.br\/news\/?p=2466"},"modified":"2025-10-05T17:56:33","modified_gmt":"2025-10-05T20:56:33","slug":"outubro-rosa-mais-do-que-uma-cor-um-compromisso-com-a-vida","status":"publish","type":"post","link":"https:\/\/projetos.f3fabioramos.com.br\/news\/outubro-rosa-mais-do-que-uma-cor-um-compromisso-com-a-vida\/","title":{"rendered":"Outubro Rosa: Mais do que uma Cor, um Compromisso com a Vida"},"content":{"rendered":"<p class=\"ds-markdown-paragraph\">Outubro chegou, e com ele, uma onda de cor e conscientiza\u00e7\u00e3o toma conta do mundo: \u00e9 o\u00a0<strong>Outubro Rosa<\/strong>. Mais do que pr\u00e9dios iluminados, la\u00e7os nas roupas e posts nas redes sociais, este movimento carrega uma mensagem profunda e urgente: a\u00a0<strong>import\u00e2ncia da preven\u00e7\u00e3o e do diagn\u00f3stico precoce do c\u00e2ncer de mama<\/strong>.<\/p>\n<p class=\"ds-markdown-paragraph\">Neste post, vamos al\u00e9m da superf\u00edcie. Vamos entender o significado real dessa campanha e, o mais importante, o que voc\u00ea pode fazer para se proteger e apoiar quem luta contra essa doen\u00e7a.<\/p>\n<h4><strong>O que \u00e9 o Outubro Rosa?<\/strong><\/h4>\n<p class=\"ds-markdown-paragraph\">O Outubro Rosa \u00e9 um movimento internacional que come\u00e7ou nos Estados Unidos na d\u00e9cada de 1990 e se espalhou pelo mundo. Seu principal objetivo \u00e9\u00a0<strong>conscientizar a sociedade sobre o c\u00e2ncer de mama<\/strong>, compartilhando informa\u00e7\u00f5es, promovendo a acesso aos servi\u00e7os de diagn\u00f3stico e tratamento e, assim, contribuindo para a redu\u00e7\u00e3o da mortalidade.<\/p>\n<p class=\"ds-markdown-paragraph\">A cor rosa foi escolhida como um s\u00edmbolo de cuidado, feminilidade e solidariedade. Mas lembre-se: a causa \u00e9 s\u00e9ria, e a nossa aten\u00e7\u00e3o deve ir muito al\u00e9m da cor.<\/p>\n<h4><strong>Por que a Conscientiza\u00e7\u00e3o \u00e9 T\u00e3o Importante?<\/strong><\/h4>\n<p class=\"ds-markdown-paragraph\">O c\u00e2ncer de mama \u00e9 o tipo de c\u00e2ncer mais comum entre as mulheres no mundo e no Brasil, depois do c\u00e2ncer de pele n\u00e3o melanoma. Dados do INCA (Instituto Nacional de C\u00e2ncer) mostram milhares de novos casos a cada ano. A boa not\u00edcia?\u00a0<strong>Quando descoberto cedo, as chances de cura s\u00e3o superiores a 95%.<\/strong><\/p>\n<p class=\"ds-markdown-paragraph\">\u00c9 a\u00ed que entra a conscientiza\u00e7\u00e3o. Conhecer o pr\u00f3prio corpo e estar atenta aos sinais \u00e9 o primeiro e mais poderoso passo.<\/p>\n<h4><strong>O Que Voc\u00ea Pode Fazer? A\u00e7\u00e3o \u00e9 a Palavra-Chave!<\/strong><\/h4>\n<p class=\"ds-markdown-paragraph\">A conscientiza\u00e7\u00e3o s\u00f3 \u00e9 completa quando vira a\u00e7\u00e3o. Aqui est\u00e3o as atitudes mais importantes que voc\u00ea pode (e deve!) tomar:<\/p>\n<ol start=\"1\">\n<li>\n<p class=\"ds-markdown-paragraph\"><strong>Autoconhecimento e Autoexame:<\/strong>\u00a0O toque ainda \u00e9 fundamental. Ap\u00f3s a menstrua\u00e7\u00e3o, apalpe suas mamas no banho ou deitada. Conhe\u00e7a o formato, a textura e o volume delas. O objetivo n\u00e3o \u00e9 voc\u00ea se diagnosticar, mas sim\u00a0<strong>conhecer o que \u00e9 normal para voc\u00ea<\/strong>\u00a0e perceber qualquer altera\u00e7\u00e3o.<\/p>\n<\/li>\n<li>\n<p class=\"ds-markdown-paragraph\"><strong>Consulta M\u00e9dica Regularmente:<\/strong>\u00a0N\u00e3o espere sentir algo errado para ir ao ginecologista ou mastologista. As consultas de rotina s\u00e3o essenciais para uma orienta\u00e7\u00e3o personalizada.<\/p>\n<\/li>\n<li>\n<p class=\"ds-markdown-paragraph\"><strong>Mamografia de Rastreamento:<\/strong>\u00a0Para mulheres com risco m\u00e9dio, a mamografia \u00e9 recomendada anualmente a partir dos\u00a0<strong>40 anos<\/strong>. Se voc\u00ea tem hist\u00f3rico familiar da doen\u00e7a, converse com seu m\u00e9dico para avaliar a necessidade de come\u00e7ar antes. A mamografia \u00e9 o exame mais eficaz para detectar o c\u00e2ncer em est\u00e1gios iniciais, mesmo antes do n\u00f3dulo ser palp\u00e1vel.<\/p>\n<\/li>\n<li>\n<p class=\"ds-markdown-paragraph\"><strong>H\u00e1bitos Saud\u00e1veis:<\/strong>\u00a0A preven\u00e7\u00e3o tamb\u00e9m est\u00e1 no dia a dia.<\/p>\n<ul>\n<li>\n<p class=\"ds-markdown-paragraph\">Mantenha uma\u00a0<strong>alimenta\u00e7\u00e3o balanceada<\/strong>.<\/p>\n<\/li>\n<li>\n<p class=\"ds-markdown-paragraph\">Pratique\u00a0<strong>atividades f\u00edsicas<\/strong>\u00a0regularmente.<\/p>\n<\/li>\n<li>\n<p class=\"ds-markdown-paragraph\">Evite o\u00a0<strong>consumo de \u00e1lcool<\/strong>\u00a0e\u00a0<strong>n\u00e3o fume<\/strong>.<\/p>\n<\/li>\n<\/ul>\n<\/li>\n<\/ol>\n<h4><strong>Al\u00e9m do La\u00e7o Rosa: Apoio \u00e9 Fundamental<\/strong><\/h4>\n<p class=\"ds-markdown-paragraph\">O Outubro Rosa tamb\u00e9m \u00e9 sobre\u00a0<strong>acolhimento e apoio<\/strong>. Muitas mulheres est\u00e3o travando uma batalha silenciosa e corajosa contra a doen\u00e7a. Seja solid\u00e1ria. Ofere\u00e7a um ombro amigo, ou\u00e7a sem julgamento e apoie institui\u00e7\u00f5es que fazem um trabalho s\u00e9rio de amparo a pacientes e familiares.<\/p>\n<h4><strong>Vamos Espalhar Essa Consci\u00eancia?<\/strong><\/h4>\n<p class=\"ds-markdown-paragraph\">A informa\u00e7\u00e3o salva vidas. Compartilhe este post, converse com sua m\u00e3e, irm\u00e3s, amigas e colegas. Lembre \u00e0s mulheres que voc\u00ea ama da import\u00e2ncia de se cuidarem. Use o la\u00e7o rosa, mas use, principalmente, a sua voz.<\/p>\n<p class=\"ds-markdown-paragraph\">Juntas, somos mais fortes. Juntas, podemos mudar estat\u00edsticas.<\/p>\n<p>&nbsp;<\/p>\n<p><em>Fontes para pesquisa e aprofundamento: INCA (Instituto Nacional de C\u00e2ncer) e Minist\u00e9rio da Sa\u00fade.<\/em><\/p>\n","protected":false},"excerpt":{"rendered":"<p>Outubro chegou, e com ele, uma onda de cor e conscientiza\u00e7\u00e3o toma conta do mundo: \u00e9 o\u00a0Outubro Rosa. Mais do que pr\u00e9dios iluminados, la\u00e7os nas roupas e posts nas redes sociais, este movimento carrega uma mensagem profunda e urgente: a\u00a0import\u00e2ncia da preven\u00e7\u00e3o e do diagn\u00f3stico precoce do c\u00e2ncer de mama. Neste post, vamos al\u00e9m da [&hellip;]<\/p>\n","protected":false},"author":1,"featured_media":2467,"comment_status":"closed","ping_status":"closed","sticky":false,"template":"","format":"standard","meta":{"footnotes":""},"categories":[9],"tags":[149,150,148,45],"class_list":["post-2466","post","type-post","status-publish","format-standard","has-post-thumbnail","hentry","category-saude","tag-cancerdemama","tag-conscientizacao","tag-outubrorosa","tag-saude"],"_links":{"self":[{"href":"https:\/\/projetos.f3fabioramos.com.br\/news\/wp-json\/wp\/v2\/posts\/2466","targetHints":{"allow":["GET"]}}],"collection":[{"href":"https:\/\/projetos.f3fabioramos.com.br\/news\/wp-json\/wp\/v2\/posts"}],"about":[{"href":"https:\/\/projetos.f3fabioramos.com.br\/news\/wp-json\/wp\/v2\/types\/post"}],"author":[{"embeddable":true,"href":"https:\/\/projetos.f3fabioramos.com.br\/news\/wp-json\/wp\/v2\/users\/1"}],"replies":[{"embeddable":true,"href":"https:\/\/projetos.f3fabioramos.com.br\/news\/wp-json\/wp\/v2\/comments?post=2466"}],"version-history":[{"count":1,"href":"https:\/\/projetos.f3fabioramos.com.br\/news\/wp-json\/wp\/v2\/posts\/2466\/revisions"}],"predecessor-version":[{"id":2468,"href":"https:\/\/projetos.f3fabioramos.com.br\/news\/wp-json\/wp\/v2\/posts\/2466\/revisions\/2468"}],"wp:featuredmedia":[{"embeddable":true,"href":"https:\/\/projetos.f3fabioramos.com.br\/news\/wp-json\/wp\/v2\/media\/2467"}],"wp:attachment":[{"href":"https:\/\/projetos.f3fabioramos.com.br\/news\/wp-json\/wp\/v2\/media?parent=2466"}],"wp:term":[{"taxonomy":"category","embeddable":true,"href":"https:\/\/projetos.f3fabioramos.com.br\/news\/wp-json\/wp\/v2\/categories?post=2466"},{"taxonomy":"post_tag","embeddable":true,"href":"https:\/\/projetos.f3fabioramos.com.br\/news\/wp-json\/wp\/v2\/tags?post=2466"}],"curies":[{"name":"wp","href":"https:\/\/api.w.org\/{rel}","templated":true}]}}