{"id":2469,"date":"2025-09-01T15:50:02","date_gmt":"2025-09-01T18:50:02","guid":{"rendered":"https:\/\/projetos.f3fabioramos.com.br\/news\/?p=2469"},"modified":"2025-10-02T15:57:14","modified_gmt":"2025-10-02T18:57:14","slug":"setembro-amarelo-a-vida-e-a-nossa-mais-importante-conversa","status":"publish","type":"post","link":"https:\/\/projetos.f3fabioramos.com.br\/news\/setembro-amarelo-a-vida-e-a-nossa-mais-importante-conversa\/","title":{"rendered":"Setembro Amarelo: A Vida \u00e9 a Nossa Mais Importante Conversa"},"content":{"rendered":"<p class=\"ds-markdown-paragraph\">Setembro chega com uma miss\u00e3o delicada, por\u00e9m urgentemente necess\u00e1ria: dar voz a um assunto que, por muito tempo, foi tratado como tabu. \u00c9 o\u00a0<strong>Setembro Amarelo<\/strong>, uma campanha mundial que busca\u00a0<strong>conscientizar a sociedade sobre a preven\u00e7\u00e3o do suic\u00eddio<\/strong>.<\/p>\n<p class=\"ds-markdown-paragraph\">Mais do que uma cor, o amarelo \u00e9 um farol. Um sinal de alerta para quebrarmos o sil\u00eancio, oferecermos escuta e lembrarmos a todos que\u00a0<strong>a vida \u00e9 preciosa e nenhum sofrimento precisa ser enfrentado sozinho<\/strong>.<\/p>\n<p class=\"ds-markdown-paragraph\">Neste post, vamos abordar este tema com o cuidado e a seriedade que ele merece, porque falar sobre isso \u00e9 o primeiro passo para prevenir.<\/p>\n<h4><strong>Qual a Origem do Setembro Amarelo?<\/strong><\/h4>\n<p class=\"ds-markdown-paragraph\">A campanha teve in\u00edcio no Brasil, inspirada pela hist\u00f3ria de Mike Emme, um jovem americano que, em 1994, tirou a pr\u00f3pria vida dirigindo um carro amarelo. Seus amigos e fam\u00edlia distribu\u00edram cart\u00f5es com fitas amarelas e a mensagem &#8220;Se voc\u00ea precisar, pe\u00e7a ajuda.&#8221;. O gesto se espalhou e a cor amarela foi adotada como s\u00edmbolo da vida e da valoriza\u00e7\u00e3o da sa\u00fade mental.<\/p>\n<h4><strong>Por Que Precisamos Falar Sobre Isso?<\/strong><\/h4>\n<p class=\"ds-markdown-paragraph\">O suic\u00eddio \u00e9 uma quest\u00e3o de sa\u00fade p\u00fablica. Dados alarmantes mostram que uma pessoa morre por suic\u00eddio a cada 40 segundos no mundo. No Brasil, s\u00e3o milhares de vidas perdidas anualmente. Por tr\u00e1s desses n\u00fameros, est\u00e3o hist\u00f3rias de profunda dor, desespero e, muitas vezes, de doen\u00e7as silenciosas como a\u00a0<strong>depress\u00e3o<\/strong>, a\u00a0<strong>ansiedade<\/strong>\u00a0e o\u00a0<strong>transtorno de estresse p\u00f3s-traum\u00e1tico<\/strong>.<\/p>\n<p class=\"ds-markdown-paragraph\">A grande verdade \u00e9 que\u00a0<strong>a maioria dos casos pode ser prevenida<\/strong>. E a ferramenta mais poderosa que temos \u00e9 a\u00a0<strong>conversa<\/strong>.<\/p>\n<h4><strong>Desfazendo um Mito Perigoso<\/strong><\/h4>\n<p class=\"ds-markdown-paragraph\">Um dos maiores equ\u00edvocos \u00e9 acreditar que\u00a0<strong>falar sobre suic\u00eddio pode incentivar o ato<\/strong>. Pelo contr\u00e1rio. Falar abertamente, com empatia e sem julgamento, pode ser o canal que uma pessoa precisa para desabafar, sentir-se acolhida e, finalmente, buscar ajuda profissional. O di\u00e1logo quebra o isolamento.<\/p>\n<h4><strong>Como Posso Ajudar? Seja um Pontinho de Luz<\/strong><\/h4>\n<p class=\"ds-markdown-paragraph\">Voc\u00ea n\u00e3o precisa ser um profissional de sa\u00fade mental para fazer a diferen\u00e7a. Pequenos gestos podem ser far\u00f3is na escurid\u00e3o de algu\u00e9m.<\/p>\n<ol start=\"1\">\n<li>\n<p class=\"ds-markdown-paragraph\"><strong>Ou\u00e7a Sem Julgar:<\/strong>\u00a0\u00c0s vezes, a pessoa n\u00e3o precisa de conselhos, mas de um ouvido atento e um cora\u00e7\u00e3o que acolha. Deixe-a falar sem interromper, minimizar seu sofrimento (&#8220;Isso \u00e9 frescura&#8221;) ou dar solu\u00e7\u00f5es simplistas (&#8220;Pense positivo&#8221;).<\/p>\n<\/li>\n<li>\n<p class=\"ds-markdown-paragraph\"><strong>Demonstre Interesse Genu\u00edno:<\/strong>\u00a0Um simples &#8220;Como voc\u00ea est\u00e1\u00a0<em>realmente<\/em>?&#8221; pode abrir portas. Mostre que voc\u00ea se importa.<\/p>\n<\/li>\n<li>\n<p class=\"ds-markdown-paragraph\"><strong>N\u00e3o Deixe a Pessoa Sozinha:<\/strong>\u00a0Se voc\u00ea perceber que algu\u00e9m est\u00e1 em um momento de crise intensa, n\u00e3o a deixe isolada. Fique por perto ou garanta que algu\u00e9m fique.<\/p>\n<\/li>\n<li>\n<p class=\"ds-markdown-paragraph\"><strong>Incentive a Busca por Ajuda Profissional:<\/strong>\u00a0Seja um facilitador. Sugira gently a procura por um\u00a0<strong>psic\u00f3logo<\/strong>\u00a0ou\u00a0<strong>psiquiatra<\/strong>. Ofere\u00e7a-se para ajudar a buscar um profissional ou at\u00e9 para acompanhar na primeira consulta.<\/p>\n<\/li>\n<li>\n<p class=\"ds-markdown-paragraph\"><strong>Cuide da Sua Sa\u00fade Mental:<\/strong>\u00a0Voc\u00ea tamb\u00e9m precisa estar bem para apoiar o outro. N\u00e3o negligencie seu pr\u00f3prio bem-estar emocional.<\/p>\n<\/li>\n<\/ol>\n<h4><strong>Se Voc\u00ea Precisa de Ajuda, Ou\u00e7a Isso:<\/strong><\/h4>\n<p class=\"ds-markdown-paragraph\">Se voc\u00ea est\u00e1 se sentindo sobrecarregado, sem esperan\u00e7a ou com pensamentos ruins, saiba que:<\/p>\n<ul>\n<li>\n<p class=\"ds-markdown-paragraph\"><strong>Voc\u00ea n\u00e3o \u00e9 uma culpa.<\/strong><\/p>\n<\/li>\n<li>\n<p class=\"ds-markdown-paragraph\"><strong>Voc\u00ea n\u00e3o est\u00e1 sozinho.<\/strong><\/p>\n<\/li>\n<li>\n<p class=\"ds-markdown-paragraph\"><strong>Sua dor \u00e9 v\u00e1lida e merece cuidado.<\/strong><\/p>\n<\/li>\n<li>\n<p class=\"ds-markdown-paragraph\">Pedir ajuda \u00e9 um ato de coragem, n\u00e3o de fraqueza.<\/p>\n<\/li>\n<\/ul>\n<h4><strong>Canais de Apoio e Escuta:<\/strong><\/h4>\n<p class=\"ds-markdown-paragraph\">Se voc\u00ea precisa conversar, n\u00e3o hesite em ligar. O atendimento \u00e9 sigiloso e gratuito:<\/p>\n<ul>\n<li>\n<p class=\"ds-markdown-paragraph\"><strong>CVV (Centro de Valoriza\u00e7\u00e3o da Vida):<\/strong>\u00a0Ligue 188 (24h) ou acesse o chat online pelo site.<\/p>\n<\/li>\n<li>\n<p class=\"ds-markdown-paragraph\"><strong>Emerg\u00eancia:<\/strong>\u00a0SAMU 192.<\/p>\n<\/li>\n<\/ul>\n<h4><strong>Vamos Espalhar Esperan\u00e7a?<\/strong><\/h4>\n<p class=\"ds-markdown-paragraph\">A preven\u00e7\u00e3o \u00e9 um trabalho de todos. Compartilhe esta mensagem, use o la\u00e7o amarelo e, acima de tudo, esteja presente. Uma conversa pode salvar uma vida.<\/p>\n<p class=\"ds-markdown-paragraph\"><strong>A vida \u00e9 a nossa conversa mais importante. Vamos mant\u00ea-la viva.<\/strong><\/p>\n<p>&nbsp;<\/p>\n<p><em>Fontes para pesquisa e aprofundamento: Organiza\u00e7\u00e3o Mundial da Sa\u00fade (OMS), CVV e Associa\u00e7\u00e3o Brasileira de Psiquiatria (ABP).<\/em><\/p>\n","protected":false},"excerpt":{"rendered":"<p>Setembro chega com uma miss\u00e3o delicada, por\u00e9m urgentemente necess\u00e1ria: dar voz a um assunto que, por muito tempo, foi tratado como tabu. \u00c9 o\u00a0Setembro Amarelo, uma campanha mundial que busca\u00a0conscientizar a sociedade sobre a preven\u00e7\u00e3o do suic\u00eddio. Mais do que uma cor, o amarelo \u00e9 um farol. Um sinal de alerta para quebrarmos o sil\u00eancio, [&hellip;]<\/p>\n","protected":false},"author":1,"featured_media":2470,"comment_status":"closed","ping_status":"closed","sticky":false,"template":"","format":"standard","meta":{"footnotes":""},"categories":[9],"tags":[45,152,151],"class_list":["post-2469","post","type-post","status-publish","format-standard","has-post-thumbnail","hentry","category-saude","tag-saude","tag-saudemental","tag-setembroamarelo"],"_links":{"self":[{"href":"https:\/\/projetos.f3fabioramos.com.br\/news\/wp-json\/wp\/v2\/posts\/2469","targetHints":{"allow":["GET"]}}],"collection":[{"href":"https:\/\/projetos.f3fabioramos.com.br\/news\/wp-json\/wp\/v2\/posts"}],"about":[{"href":"https:\/\/projetos.f3fabioramos.com.br\/news\/wp-json\/wp\/v2\/types\/post"}],"author":[{"embeddable":true,"href":"https:\/\/projetos.f3fabioramos.com.br\/news\/wp-json\/wp\/v2\/users\/1"}],"replies":[{"embeddable":true,"href":"https:\/\/projetos.f3fabioramos.com.br\/news\/wp-json\/wp\/v2\/comments?post=2469"}],"version-history":[{"count":1,"href":"https:\/\/projetos.f3fabioramos.com.br\/news\/wp-json\/wp\/v2\/posts\/2469\/revisions"}],"predecessor-version":[{"id":2471,"href":"https:\/\/projetos.f3fabioramos.com.br\/news\/wp-json\/wp\/v2\/posts\/2469\/revisions\/2471"}],"wp:featuredmedia":[{"embeddable":true,"href":"https:\/\/projetos.f3fabioramos.com.br\/news\/wp-json\/wp\/v2\/media\/2470"}],"wp:attachment":[{"href":"https:\/\/projetos.f3fabioramos.com.br\/news\/wp-json\/wp\/v2\/media?parent=2469"}],"wp:term":[{"taxonomy":"category","embeddable":true,"href":"https:\/\/projetos.f3fabioramos.com.br\/news\/wp-json\/wp\/v2\/categories?post=2469"},{"taxonomy":"post_tag","embeddable":true,"href":"https:\/\/projetos.f3fabioramos.com.br\/news\/wp-json\/wp\/v2\/tags?post=2469"}],"curies":[{"name":"wp","href":"https:\/\/api.w.org\/{rel}","templated":true}]}}