{"id":2486,"date":"2025-10-03T14:35:02","date_gmt":"2025-10-03T17:35:02","guid":{"rendered":"https:\/\/projetos.f3fabioramos.com.br\/news\/?p=2486"},"modified":"2025-10-03T14:35:02","modified_gmt":"2025-10-03T17:35:02","slug":"alemanha-pede-poder-de-abater-drones-apos-caos-em-munique","status":"publish","type":"post","link":"https:\/\/projetos.f3fabioramos.com.br\/news\/alemanha-pede-poder-de-abater-drones-apos-caos-em-munique\/","title":{"rendered":"Alemanha Pede Poder de Abater Drones Ap\u00f3s Caos em Munique"},"content":{"rendered":"<p>A seguran\u00e7a do espa\u00e7o a\u00e9reo europeu est\u00e1 sob intensa press\u00e3o, e a <b>Alemanha<\/b> exige medidas radicais ap\u00f3s incidentes com drones que paralisaram o <b>Aeroporto de Munique<\/b>.<\/p>\n<p>Cerca de <b>3.000 passageiros<\/b> ficaram retidos na quinta-feira passada (data do incidente original) depois que m\u00faltiplos avistamentos de drones for\u00e7aram o controle de tr\u00e1fego a\u00e9reo a <b>suspender as opera\u00e7\u00f5es<\/b>, resultando em cancelamentos e desvios de voos.<\/p>\n<p>&nbsp;<\/p>\n<h3>O Pedido de &#8220;Soberania do Espa\u00e7o A\u00e9reo&#8221;<\/h3>\n<p>&nbsp;<\/p>\n<p>O governador da Baviera, <b>Markus S\u00f6der<\/b>, reagiu de forma incisiva, pedindo uma mudan\u00e7a urgente nas leis de seguran\u00e7a a\u00e9rea do pa\u00eds:<\/p>\n<blockquote><p>&#8220;Nossa pol\u00edcia deve obter o poder de <b>abater drones<\/b>. Precisamos de soberania sobre nosso espa\u00e7o a\u00e9reo.&#8221;<\/p><\/blockquote>\n<p>A Pol\u00edcia Federal alem\u00e3 mobilizou helic\u00f3pteros e outros recursos para tentar localizar os drones invasores, mas <b>n\u00e3o conseguiu encontrar qualquer vest\u00edgio<\/b> dos equipamentos. Os voos s\u00f3 puderam ser retomados na manh\u00e3 seguinte.<\/p>\n<p>&nbsp;<\/p>\n<h3>Tens\u00e3o na Europa e Acusa\u00e7\u00f5es \u00e0 R\u00fassia<\/h3>\n<p>&nbsp;<\/p>\n<p>Este n\u00e3o \u00e9 um incidente isolado. Nas \u00faltimas semanas, invas\u00f5es semelhantes no espa\u00e7o a\u00e9reo levaram ao fechamento de aeroportos na <b>Dinamarca<\/b> e <b>Noruega<\/b>. Tais ocorr\u00eancias levantam s\u00e9rias preocupa\u00e7\u00f5es sobre a possibilidade de ataques coordenados contra aliados da Ucr\u00e2nia, com dedos apontados para a <b>R\u00fassia<\/b>.<\/p>\n<p>A presidente da Comiss\u00e3o Europeia, <b>Ursula von der Leyen<\/b>, alertou: &#8220;A R\u00fassia tenta nos testar. Mas a R\u00fassia tamb\u00e9m tenta semear divis\u00e3o e ansiedade em nossas sociedades.&#8221;<\/p>\n<p>&nbsp;<\/p>\n<h3>A Resposta Sarc\u00e1stica de Putin<\/h3>\n<p>&nbsp;<\/p>\n<p>Questionado sobre as acusa\u00e7\u00f5es de envio de drones, o presidente russo, <b>Vladimir Putin<\/b>, negou qualquer envolvimento e respondeu com sarcasmo:<\/p>\n<blockquote><p>&#8220;N\u00e3o farei isso mais\u2014para Fran\u00e7a, Dinamarca, Copenhague, Lisboa\u2014onde quer que eles possam alcan\u00e7ar.&#8221;<\/p><\/blockquote>\n<p>Em um tom mais s\u00e9rio, ele afirmou que a R\u00fassia &#8220;nem sequer tem <i>drones<\/i> que possam chegar a Lisboa&#8221; e que &#8220;n\u00e3o h\u00e1 alvos, que \u00e9 o principal&#8221;.<\/p>\n<p>Apesar da nega\u00e7\u00e3o, a R\u00fassia e a Bielorr\u00fassia haviam reconhecido no m\u00eas anterior que alguns <i>drones<\/i> usados na guerra contra a Ucr\u00e2nia entraram no <b>espa\u00e7o a\u00e9reo polon\u00eas<\/b>, provocando a mobiliza\u00e7\u00e3o de jatos da Pol\u00f4nia e da OTAN para abat\u00ea-los.<\/p>\n<hr \/>\n<p><b>Resumo da Not\u00edcia:<\/b> A interrup\u00e7\u00e3o no Aeroporto de Munique causada por drones elevou o debate sobre a seguran\u00e7a a\u00e9rea europeia. O governo da Baviera exige que a pol\u00edcia tenha o direito de abater <i>drones<\/i> para garantir a <b>soberania do espa\u00e7o a\u00e9reo<\/b>. Os incidentes ocorrem em meio a uma s\u00e9rie de viola\u00e7\u00f5es na Europa e enquanto l\u00edderes da UE (Uni\u00e3o Europeia) apoiam planos para <b>refor\u00e7ar as defesas <i>anti-drone<\/i><\/b> do bloco. O presidente Putin negou, de forma jocosa, a responsabilidade russa pelos incidentes.<\/p>\n","protected":false},"excerpt":{"rendered":"<p>A seguran\u00e7a do espa\u00e7o a\u00e9reo europeu est\u00e1 sob intensa press\u00e3o, e a Alemanha exige medidas radicais ap\u00f3s incidentes com drones que paralisaram o Aeroporto de Munique. Cerca de 3.000 passageiros ficaram retidos na quinta-feira passada (data do incidente original) depois que m\u00faltiplos avistamentos de drones for\u00e7aram o controle de tr\u00e1fego a\u00e9reo a suspender as opera\u00e7\u00f5es, [&hellip;]<\/p>\n","protected":false},"author":1,"featured_media":2487,"comment_status":"closed","ping_status":"closed","sticky":false,"template":"","format":"standard","meta":{"footnotes":""},"categories":[7],"tags":[],"class_list":["post-2486","post","type-post","status-publish","format-standard","has-post-thumbnail","hentry","category-mundo"],"_links":{"self":[{"href":"https:\/\/projetos.f3fabioramos.com.br\/news\/wp-json\/wp\/v2\/posts\/2486","targetHints":{"allow":["GET"]}}],"collection":[{"href":"https:\/\/projetos.f3fabioramos.com.br\/news\/wp-json\/wp\/v2\/posts"}],"about":[{"href":"https:\/\/projetos.f3fabioramos.com.br\/news\/wp-json\/wp\/v2\/types\/post"}],"author":[{"embeddable":true,"href":"https:\/\/projetos.f3fabioramos.com.br\/news\/wp-json\/wp\/v2\/users\/1"}],"replies":[{"embeddable":true,"href":"https:\/\/projetos.f3fabioramos.com.br\/news\/wp-json\/wp\/v2\/comments?post=2486"}],"version-history":[{"count":1,"href":"https:\/\/projetos.f3fabioramos.com.br\/news\/wp-json\/wp\/v2\/posts\/2486\/revisions"}],"predecessor-version":[{"id":2488,"href":"https:\/\/projetos.f3fabioramos.com.br\/news\/wp-json\/wp\/v2\/posts\/2486\/revisions\/2488"}],"wp:featuredmedia":[{"embeddable":true,"href":"https:\/\/projetos.f3fabioramos.com.br\/news\/wp-json\/wp\/v2\/media\/2487"}],"wp:attachment":[{"href":"https:\/\/projetos.f3fabioramos.com.br\/news\/wp-json\/wp\/v2\/media?parent=2486"}],"wp:term":[{"taxonomy":"category","embeddable":true,"href":"https:\/\/projetos.f3fabioramos.com.br\/news\/wp-json\/wp\/v2\/categories?post=2486"},{"taxonomy":"post_tag","embeddable":true,"href":"https:\/\/projetos.f3fabioramos.com.br\/news\/wp-json\/wp\/v2\/tags?post=2486"}],"curies":[{"name":"wp","href":"https:\/\/api.w.org\/{rel}","templated":true}]}}