{"id":2489,"date":"2025-10-03T17:08:47","date_gmt":"2025-10-03T20:08:47","guid":{"rendered":"https:\/\/projetos.f3fabioramos.com.br\/news\/?p=2489"},"modified":"2025-10-03T17:17:30","modified_gmt":"2025-10-03T20:17:30","slug":"obras-da-rota-bioceanica-aceleram-conexao-brasil-pacifico","status":"publish","type":"post","link":"https:\/\/projetos.f3fabioramos.com.br\/news\/obras-da-rota-bioceanica-aceleram-conexao-brasil-pacifico\/","title":{"rendered":"Obras da Rota Bioce\u00e2nica Aceleram Conex\u00e3o Brasil-Pac\u00edfico"},"content":{"rendered":"<p>O sonho de conectar o Oceano Atl\u00e2ntico ao Pac\u00edfico por via terrestre est\u00e1 a ganhar forma rapidamente! A <b>Rota Bioce\u00e2nica<\/b>, um projeto estrat\u00e9gico que promete remodelar o com\u00e9rcio na Am\u00e9rica do Sul, atingiu um novo e crucial marco em outubro de 2025 com o <b>in\u00edcio das obras de acesso<\/b> \u00e0 sua pe\u00e7a central: a <b>Ponte Bioce\u00e2nica<\/b> sobre o Rio Paraguai.<\/p>\n<p>Esta infraestrutura fundamental ligar\u00e1 <b>Carmelo Peralta<\/b>, no Paraguai, a <b>Porto Murtinho<\/b>, no Brasil, e \u00e9 a chave para o novo corredor log\u00edstico internacional.<\/p>\n<figure id=\"attachment_2490\" aria-describedby=\"caption-attachment-2490\" style=\"width: 800px\" class=\"wp-caption alignnone\"><img fetchpriority=\"high\" decoding=\"async\" class=\"wp-image-2490 size-large\" src=\"https:\/\/projetos.f3fabioramos.com.br\/news\/wp-content\/uploads\/2025\/10\/Foto-Mopc-1024x512.webp\" alt=\"Foto: Mopc-PY divulga\u00e7\u00e3o\" width=\"800\" height=\"400\" srcset=\"https:\/\/projetos.f3fabioramos.com.br\/news\/wp-content\/uploads\/2025\/10\/Foto-Mopc-1024x512.webp 1024w, https:\/\/projetos.f3fabioramos.com.br\/news\/wp-content\/uploads\/2025\/10\/Foto-Mopc-300x150.webp 300w, https:\/\/projetos.f3fabioramos.com.br\/news\/wp-content\/uploads\/2025\/10\/Foto-Mopc-768x384.webp 768w, https:\/\/projetos.f3fabioramos.com.br\/news\/wp-content\/uploads\/2025\/10\/Foto-Mopc.webp 1200w\" sizes=\"(max-width: 800px) 100vw, 800px\" \/><figcaption id=\"caption-attachment-2490\" class=\"wp-caption-text\"><span style=\"font-size: 8pt; color: #808080;\">Foto: Mopc-PY divulga\u00e7\u00e3o<\/span><\/figcaption><\/figure>\n<p>&nbsp;<\/p>\n<h3>A Ponte e a Data de Conclus\u00e3o<\/h3>\n<p>&nbsp;<\/p>\n<p>Embora as obras da Ponte Bioce\u00e2nica j\u00e1 estejam avan\u00e7adas, a sua conclus\u00e3o est\u00e1 prevista para <b>2026<\/b>.<\/p>\n<p>A etapa atual, que come\u00e7ou em outubro de 2025, foca nas obras de acesso na margem paraguaia, garantindo que, assim que a ponte estiver estruturalmente pronta, o fluxo de ve\u00edculos possa ser estabelecido.<\/p>\n<p>A ponte n\u00e3o \u00e9 apenas uma liga\u00e7\u00e3o f\u00edsica, mas o <b>portal<\/b> que transformar\u00e1 Porto Murtinho, em Mato Grosso do Sul, num centro log\u00edstico estrat\u00e9gico, reduzindo drasticamente o tempo e o custo do transporte de mercadorias.<\/p>\n<p>&nbsp;<\/p>\n<h3>O Poder da Rota Bioce\u00e2nica<\/h3>\n<p>&nbsp;<\/p>\n<p>A Rota Bioce\u00e2nica n\u00e3o se resume a uma \u00fanica ponte; ela \u00e9 um corredor rodovi\u00e1rio de aproximadamente <b>2.400 km<\/b> que ir\u00e1:<\/p>\n<ol start=\"1\">\n<li><b>Conectar o Atl\u00e2ntico ao Pac\u00edfico:<\/b> A rota unir\u00e1 a costa brasileira (Porto Murtinho) aos portos do Norte do Chile (<i>Antofagasta<\/i> e <i>Iquique<\/i>), passando pelo Paraguai e Argentina.<\/li>\n<li><b>Reduzir Custos e Tempo:<\/b> Atualmente, as mercadorias brasileiras que se destinam \u00e0 \u00c1sia e ao Pac\u00edfico precisam percorrer grandes dist\u00e2ncias no continente ou fazer a travessia pelo Canal do Panam\u00e1. A Rota Bioce\u00e2nica oferecer\u00e1 um caminho mais <b>curto e eficiente<\/b>, impulsionando a competitividade do agroneg\u00f3cio e da ind\u00fastria sul-americana.<\/li>\n<li><b>Desenvolvimento Regional:<\/b> O projeto \u00e9 visto como um motor de desenvolvimento para as \u00e1reas fronteiri\u00e7as e o interior do Brasil e Paraguai, fomentando o turismo, a cria\u00e7\u00e3o de empregos e o aumento do interc\u00e2mbio comercial entre os pa\u00edses vizinhos.<\/li>\n<\/ol>\n<p>Com o avan\u00e7o das obras em ambos os lados da fronteira e o prazo de 2026 para a conclus\u00e3o da ponte, a Am\u00e9rica do Sul prepara-se para inaugurar um dos seus <b>eixos log\u00edsticos mais importantes do s\u00e9culo<\/b>, prometendo uma nova era para o com\u00e9rcio regional e global.<\/p>\n<hr \/>\n<p><i>A Rota Bioce\u00e2nica est\u00e1 a tornar a conex\u00e3o com a \u00c1sia e o Pac\u00edfico mais f\u00e1cil para o Brasil.\u00a0<\/i><\/p>\n","protected":false},"excerpt":{"rendered":"<p>O sonho de conectar o Oceano Atl\u00e2ntico ao Pac\u00edfico por via terrestre est\u00e1 a ganhar forma rapidamente! A Rota Bioce\u00e2nica, um projeto estrat\u00e9gico que promete remodelar o com\u00e9rcio na Am\u00e9rica do Sul, atingiu um novo e crucial marco em outubro de 2025 com o in\u00edcio das obras de acesso \u00e0 sua pe\u00e7a central: a Ponte [&hellip;]<\/p>\n","protected":false},"author":1,"featured_media":2491,"comment_status":"closed","ping_status":"closed","sticky":false,"template":"","format":"standard","meta":{"footnotes":""},"categories":[6],"tags":[],"class_list":["post-2489","post","type-post","status-publish","format-standard","has-post-thumbnail","hentry","category-economia"],"_links":{"self":[{"href":"https:\/\/projetos.f3fabioramos.com.br\/news\/wp-json\/wp\/v2\/posts\/2489","targetHints":{"allow":["GET"]}}],"collection":[{"href":"https:\/\/projetos.f3fabioramos.com.br\/news\/wp-json\/wp\/v2\/posts"}],"about":[{"href":"https:\/\/projetos.f3fabioramos.com.br\/news\/wp-json\/wp\/v2\/types\/post"}],"author":[{"embeddable":true,"href":"https:\/\/projetos.f3fabioramos.com.br\/news\/wp-json\/wp\/v2\/users\/1"}],"replies":[{"embeddable":true,"href":"https:\/\/projetos.f3fabioramos.com.br\/news\/wp-json\/wp\/v2\/comments?post=2489"}],"version-history":[{"count":3,"href":"https:\/\/projetos.f3fabioramos.com.br\/news\/wp-json\/wp\/v2\/posts\/2489\/revisions"}],"predecessor-version":[{"id":2494,"href":"https:\/\/projetos.f3fabioramos.com.br\/news\/wp-json\/wp\/v2\/posts\/2489\/revisions\/2494"}],"wp:featuredmedia":[{"embeddable":true,"href":"https:\/\/projetos.f3fabioramos.com.br\/news\/wp-json\/wp\/v2\/media\/2491"}],"wp:attachment":[{"href":"https:\/\/projetos.f3fabioramos.com.br\/news\/wp-json\/wp\/v2\/media?parent=2489"}],"wp:term":[{"taxonomy":"category","embeddable":true,"href":"https:\/\/projetos.f3fabioramos.com.br\/news\/wp-json\/wp\/v2\/categories?post=2489"},{"taxonomy":"post_tag","embeddable":true,"href":"https:\/\/projetos.f3fabioramos.com.br\/news\/wp-json\/wp\/v2\/tags?post=2489"}],"curies":[{"name":"wp","href":"https:\/\/api.w.org\/{rel}","templated":true}]}}