{"id":2517,"date":"2025-10-05T17:01:14","date_gmt":"2025-10-05T20:01:14","guid":{"rendered":"https:\/\/projetos.f3fabioramos.com.br\/news\/?p=2517"},"modified":"2025-10-05T17:01:14","modified_gmt":"2025-10-05T20:01:14","slug":"escola-em-tempo-integral-tera-jornada-minima-de-35-horas-semanais","status":"publish","type":"post","link":"https:\/\/projetos.f3fabioramos.com.br\/news\/escola-em-tempo-integral-tera-jornada-minima-de-35-horas-semanais\/","title":{"rendered":"Escola em Tempo Integral Ter\u00e1 Jornada M\u00ednima de 35 Horas Semanais"},"content":{"rendered":"<p>O programa de <b>escola em tempo integral<\/b> no Brasil est\u00e1 passando por uma reestrutura\u00e7\u00e3o com o objetivo de garantir mais tempo de aprendizado e desenvolvimento para os estudantes. De acordo com novas diretrizes federais, a jornada m\u00ednima para as institui\u00e7\u00f5es que aderirem ao programa ser\u00e1 de <b>35 horas semanais<\/b>.<\/p>\n<p>A informa\u00e7\u00e3o \u00e9 da <b>Ag\u00eancia Brasil (EBC)<\/b>.<\/p>\n<p>&nbsp;<\/p>\n<h3>A Nova Jornada e Seus Objetivos<\/h3>\n<p>&nbsp;<\/p>\n<p>A defini\u00e7\u00e3o de 35 horas como o piso semanal busca padronizar e qualificar a oferta de tempo integral no pa\u00eds. A medida visa garantir que os alunos tenham um per\u00edodo ampliado na escola para al\u00e9m do curr\u00edculo tradicional.<\/p>\n<ul>\n<li><b>Foco na Qualidade:<\/b> A extens\u00e3o da jornada de estudos \u00e9 fundamental para aprimorar a qualidade da educa\u00e7\u00e3o, permitindo a inclus\u00e3o de atividades extracurriculares, projetos art\u00edsticos, esportivos e o aprofundamento em \u00e1reas espec\u00edficas do conhecimento.<\/li>\n<li><b>Recursos e Ades\u00e3o:<\/b> O Governo Federal tem incentivado a expans\u00e3o da modalidade por meio de repasses financeiros espec\u00edficos, condicionando o uso dos recursos \u00e0 garantia dessa jornada m\u00ednima e ao cumprimento de crit\u00e9rios pedag\u00f3gicos.<\/li>\n<\/ul>\n<p>A meta do governo \u00e9 que o tempo integral se torne a regra, e n\u00e3o a exce\u00e7\u00e3o, na educa\u00e7\u00e3o b\u00e1sica, oferecendo mais oportunidades de desenvolvimento integral para a juventude brasileira.<\/p>\n<p><b>Origem da Informa\u00e7\u00e3o:<\/b> Ag\u00eancia Brasil (EBC).<\/p>\n","protected":false},"excerpt":{"rendered":"<p>O programa de escola em tempo integral no Brasil est\u00e1 passando por uma reestrutura\u00e7\u00e3o com o objetivo de garantir mais tempo de aprendizado e desenvolvimento para os estudantes. De acordo com novas diretrizes federais, a jornada m\u00ednima para as institui\u00e7\u00f5es que aderirem ao programa ser\u00e1 de 35 horas semanais. A informa\u00e7\u00e3o \u00e9 da Ag\u00eancia Brasil [&hellip;]<\/p>\n","protected":false},"author":1,"featured_media":2518,"comment_status":"closed","ping_status":"closed","sticky":false,"template":"","format":"standard","meta":{"footnotes":""},"categories":[10],"tags":[],"class_list":["post-2517","post","type-post","status-publish","format-standard","has-post-thumbnail","hentry","category-educacao"],"_links":{"self":[{"href":"https:\/\/projetos.f3fabioramos.com.br\/news\/wp-json\/wp\/v2\/posts\/2517","targetHints":{"allow":["GET"]}}],"collection":[{"href":"https:\/\/projetos.f3fabioramos.com.br\/news\/wp-json\/wp\/v2\/posts"}],"about":[{"href":"https:\/\/projetos.f3fabioramos.com.br\/news\/wp-json\/wp\/v2\/types\/post"}],"author":[{"embeddable":true,"href":"https:\/\/projetos.f3fabioramos.com.br\/news\/wp-json\/wp\/v2\/users\/1"}],"replies":[{"embeddable":true,"href":"https:\/\/projetos.f3fabioramos.com.br\/news\/wp-json\/wp\/v2\/comments?post=2517"}],"version-history":[{"count":1,"href":"https:\/\/projetos.f3fabioramos.com.br\/news\/wp-json\/wp\/v2\/posts\/2517\/revisions"}],"predecessor-version":[{"id":2519,"href":"https:\/\/projetos.f3fabioramos.com.br\/news\/wp-json\/wp\/v2\/posts\/2517\/revisions\/2519"}],"wp:featuredmedia":[{"embeddable":true,"href":"https:\/\/projetos.f3fabioramos.com.br\/news\/wp-json\/wp\/v2\/media\/2518"}],"wp:attachment":[{"href":"https:\/\/projetos.f3fabioramos.com.br\/news\/wp-json\/wp\/v2\/media?parent=2517"}],"wp:term":[{"taxonomy":"category","embeddable":true,"href":"https:\/\/projetos.f3fabioramos.com.br\/news\/wp-json\/wp\/v2\/categories?post=2517"},{"taxonomy":"post_tag","embeddable":true,"href":"https:\/\/projetos.f3fabioramos.com.br\/news\/wp-json\/wp\/v2\/tags?post=2517"}],"curies":[{"name":"wp","href":"https:\/\/api.w.org\/{rel}","templated":true}]}}