{"id":2652,"date":"2025-10-10T10:33:18","date_gmt":"2025-10-10T13:33:18","guid":{"rendered":"https:\/\/projetos.f3fabioramos.com.br\/news\/?p=2652"},"modified":"2025-10-10T10:33:18","modified_gmt":"2025-10-10T13:33:18","slug":"agencia-espacial-europeia-esa-revela-imagem-misteriosa-isto-nao-e-ruido-estatico","status":"publish","type":"post","link":"https:\/\/projetos.f3fabioramos.com.br\/news\/agencia-espacial-europeia-esa-revela-imagem-misteriosa-isto-nao-e-ruido-estatico\/","title":{"rendered":"Ag\u00eancia Espacial Europeia (ESA) Revela Imagem Misteriosa: &#8220;Isto N\u00e3o \u00e9 Ru\u00eddo Est\u00e1tico&#8221;"},"content":{"rendered":"<p>A <b>Ag\u00eancia Espacial Europeia (ESA)<\/b> intrigou a comunidade cient\u00edfica e o p\u00fablico com a publica\u00e7\u00e3o de uma imagem enigm\u00e1tica, acompanhada da sugestiva legenda <b>&#8220;Isto n\u00e3o \u00e9 ru\u00eddo est\u00e1tico&#8221;<\/b> <i>(This is not static noise)<\/i>. A imagem, que pode parecer \u00e0 primeira vista um campo de &#8216;chuvisco&#8217; ou interfer\u00eancia, \u00e9 na verdade um registro espacial com um significado importante, embora n\u00e3o detalhado no t\u00edtulo da publica\u00e7\u00e3o.<\/p>\n<p>Embora o t\u00edtulo por si s\u00f3 n\u00e3o revele a origem ou o objeto da fotografia, esse tipo de comunica\u00e7\u00e3o visual \u00e9 frequentemente utilizado pela ESA para destacar dados cruciais de suas miss\u00f5es, como monitoramento de asteroides, fen\u00f4menos solares, ou at\u00e9 mesmo dados brutos de seus sat\u00e9lites, muitas vezes relacionados \u00e0 \u00e1rea de <b>Seguran\u00e7a Espacial<\/b> ou ci\u00eancia planet\u00e1ria.<\/p>\n<p>A imagem foi publicada no contexto das atividades da ag\u00eancia no in\u00edcio de outubro de 2025, um per\u00edodo em que a ESA tem estado envolvida em observa\u00e7\u00f5es importantes, como o registo de um cometa interestelar pelos orbitadores de Marte e o monitoramento de objetos pr\u00f3ximos \u00e0 Terra.<\/p>\n<blockquote class=\"twitter-tweet\">\n<p dir=\"ltr\" lang=\"en\">This is not static noise \ud83d\udcfa<\/p>\n<p>It&#8217;s a gel forming on the International <a href=\"https:\/\/twitter.com\/Space_Station?ref_src=twsrc%5Etfw\">@Space_Station<\/a>. The white and black speckles are anything but random. Understanding its behaviour in orbit has great potential for longer-lasting medicines, paint and cleaning solutions on Earth.<\/p>\n<p>More on\u2026 <a href=\"https:\/\/t.co\/pF6y4QyJmE\">pic.twitter.com\/pF6y4QyJmE<\/a><\/p>\n<p>\u2014 Human Spaceflight (@esaspaceflight) <a href=\"https:\/\/twitter.com\/esaspaceflight\/status\/1976580800679211017?ref_src=twsrc%5Etfw\">October 10, 2025<\/a><\/p><\/blockquote>\n<p><script async src=\"https:\/\/platform.twitter.com\/widgets.js\" charset=\"utf-8\"><\/script><\/p>\n<p><b>Fonte:<\/b> ESA (Ag\u00eancia Espacial Europeia)<\/p>\n","protected":false},"excerpt":{"rendered":"<p>A Ag\u00eancia Espacial Europeia (ESA) intrigou a comunidade cient\u00edfica e o p\u00fablico com a publica\u00e7\u00e3o de uma imagem enigm\u00e1tica, acompanhada da sugestiva legenda &#8220;Isto n\u00e3o \u00e9 ru\u00eddo est\u00e1tico&#8221; (This is not static noise). A imagem, que pode parecer \u00e0 primeira vista um campo de &#8216;chuvisco&#8217; ou interfer\u00eancia, \u00e9 na verdade um registro espacial com um [&hellip;]<\/p>\n","protected":false},"author":1,"featured_media":2653,"comment_status":"closed","ping_status":"closed","sticky":false,"template":"","format":"standard","meta":{"footnotes":""},"categories":[156],"tags":[44,104],"class_list":["post-2652","post","type-post","status-publish","format-standard","has-post-thumbnail","hentry","category-ciencia","tag-ciencia","tag-espaco"],"_links":{"self":[{"href":"https:\/\/projetos.f3fabioramos.com.br\/news\/wp-json\/wp\/v2\/posts\/2652","targetHints":{"allow":["GET"]}}],"collection":[{"href":"https:\/\/projetos.f3fabioramos.com.br\/news\/wp-json\/wp\/v2\/posts"}],"about":[{"href":"https:\/\/projetos.f3fabioramos.com.br\/news\/wp-json\/wp\/v2\/types\/post"}],"author":[{"embeddable":true,"href":"https:\/\/projetos.f3fabioramos.com.br\/news\/wp-json\/wp\/v2\/users\/1"}],"replies":[{"embeddable":true,"href":"https:\/\/projetos.f3fabioramos.com.br\/news\/wp-json\/wp\/v2\/comments?post=2652"}],"version-history":[{"count":1,"href":"https:\/\/projetos.f3fabioramos.com.br\/news\/wp-json\/wp\/v2\/posts\/2652\/revisions"}],"predecessor-version":[{"id":2654,"href":"https:\/\/projetos.f3fabioramos.com.br\/news\/wp-json\/wp\/v2\/posts\/2652\/revisions\/2654"}],"wp:featuredmedia":[{"embeddable":true,"href":"https:\/\/projetos.f3fabioramos.com.br\/news\/wp-json\/wp\/v2\/media\/2653"}],"wp:attachment":[{"href":"https:\/\/projetos.f3fabioramos.com.br\/news\/wp-json\/wp\/v2\/media?parent=2652"}],"wp:term":[{"taxonomy":"category","embeddable":true,"href":"https:\/\/projetos.f3fabioramos.com.br\/news\/wp-json\/wp\/v2\/categories?post=2652"},{"taxonomy":"post_tag","embeddable":true,"href":"https:\/\/projetos.f3fabioramos.com.br\/news\/wp-json\/wp\/v2\/tags?post=2652"}],"curies":[{"name":"wp","href":"https:\/\/api.w.org\/{rel}","templated":true}]}}