{"id":2656,"date":"2025-10-10T10:47:24","date_gmt":"2025-10-10T13:47:24","guid":{"rendered":"https:\/\/projetos.f3fabioramos.com.br\/news\/?p=2656"},"modified":"2025-10-11T17:07:55","modified_gmt":"2025-10-11T20:07:55","slug":"maria-corina-machado-vence-o-premio-nobel-da-paz-2025","status":"publish","type":"post","link":"https:\/\/projetos.f3fabioramos.com.br\/news\/maria-corina-machado-vence-o-premio-nobel-da-paz-2025\/","title":{"rendered":"Maria Corina Machado Vence o Pr\u00eamio Nobel da Paz 2025"},"content":{"rendered":"<p><b>Oslo, Noruega \u2014 10 de outubro de 2025<\/b><\/p>\n<p>O Comit\u00ea Noruegu\u00eas do Nobel concedeu o <b>Pr\u00eamio Nobel da Paz de 2025<\/b> a <b>Maria Corina Machado<\/b>, ativista e l\u00edder da oposi\u00e7\u00e3o venezuelana. O pr\u00eamio reconhece seu trabalho incans\u00e1vel na promo\u00e7\u00e3o dos direitos democr\u00e1ticos na Venezuela e sua luta pela transi\u00e7\u00e3o pac\u00edfica de uma ditadura para um regime democr\u00e1tico.<\/p>\n<p>Em seu an\u00fancio, o Comit\u00ea Nobel descreveu Machado como &#8220;uma campe\u00e3 corajosa e comprometida com a paz&#8221; e &#8220;um dos exemplos mais extraordin\u00e1rios de coragem c\u00edvica na Am\u00e9rica Latina em tempos recentes&#8221;.<\/p>\n<p>Maria Corina Machado, l\u00edder do movimento democr\u00e1tico, foi destacada por ter unificado a outrora profundamente dividida oposi\u00e7\u00e3o venezuelana em torno da exig\u00eancia de elei\u00e7\u00f5es livres e um governo representativo. O Comit\u00ea ressaltou que a escolha \u00e9 um forte lembrete da import\u00e2ncia de defender os princ\u00edpios do governo popular em um momento em que a democracia est\u00e1 em retrocesso global.<\/p>\n<blockquote class=\"twitter-tweet\">\n<p dir=\"ltr\" lang=\"en\">\u201cI am just part of a huge movement. I\u2019m humbled, I\u2019m grateful and I\u2019m honoured.\u201d<\/p>\n<p>This morning Maria Corina Machado was announced as this year\u2019s Nobel Peace Prize laureate. Directly after the news was broken, she describes how honoured she felt to be awarded the peace prize, and\u2026 <a href=\"https:\/\/t.co\/IaY51ATZQA\">pic.twitter.com\/IaY51ATZQA<\/a><\/p>\n<p>\u2014 The Nobel Prize (@NobelPrize) <a href=\"https:\/\/twitter.com\/NobelPrize\/status\/1976623881847710079?ref_src=twsrc%5Etfw\">October 10, 2025<\/a><\/p><\/blockquote>\n<p><script async src=\"https:\/\/platform.twitter.com\/widgets.js\" charset=\"utf-8\"><\/script><br \/>\nApesar de enfrentar a repress\u00e3o sistem\u00e1tica do regime, incluindo o bloqueio de sua candidatura presidencial em 2024 e amea\u00e7as graves \u00e0 sua vida, Machado permaneceu no pa\u00eds, inspirando milh\u00f5es de pessoas. Segundo o Comit\u00ea, ela personifica a esperan\u00e7a de um futuro onde os direitos fundamentais dos cidad\u00e3os sejam protegidos e suas vozes ouvidas, demonstrando que &#8220;as ferramentas da democracia s\u00e3o tamb\u00e9m as ferramentas da paz&#8221;.<\/p>\n<p><b>Fonte:<\/b> The Norwegian Nobel Committee \/ NobelPrize.org<\/p>\n","protected":false},"excerpt":{"rendered":"<p>Oslo, Noruega \u2014 10 de outubro de 2025 O Comit\u00ea Noruegu\u00eas do Nobel concedeu o Pr\u00eamio Nobel da Paz de 2025 a Maria Corina Machado, ativista e l\u00edder da oposi\u00e7\u00e3o venezuelana. O pr\u00eamio reconhece seu trabalho incans\u00e1vel na promo\u00e7\u00e3o dos direitos democr\u00e1ticos na Venezuela e sua luta pela transi\u00e7\u00e3o pac\u00edfica de uma ditadura para um [&hellip;]<\/p>\n","protected":false},"author":1,"featured_media":2657,"comment_status":"closed","ping_status":"closed","sticky":false,"template":"","format":"standard","meta":{"footnotes":""},"categories":[7],"tags":[],"class_list":["post-2656","post","type-post","status-publish","format-standard","has-post-thumbnail","hentry","category-mundo"],"_links":{"self":[{"href":"https:\/\/projetos.f3fabioramos.com.br\/news\/wp-json\/wp\/v2\/posts\/2656","targetHints":{"allow":["GET"]}}],"collection":[{"href":"https:\/\/projetos.f3fabioramos.com.br\/news\/wp-json\/wp\/v2\/posts"}],"about":[{"href":"https:\/\/projetos.f3fabioramos.com.br\/news\/wp-json\/wp\/v2\/types\/post"}],"author":[{"embeddable":true,"href":"https:\/\/projetos.f3fabioramos.com.br\/news\/wp-json\/wp\/v2\/users\/1"}],"replies":[{"embeddable":true,"href":"https:\/\/projetos.f3fabioramos.com.br\/news\/wp-json\/wp\/v2\/comments?post=2656"}],"version-history":[{"count":2,"href":"https:\/\/projetos.f3fabioramos.com.br\/news\/wp-json\/wp\/v2\/posts\/2656\/revisions"}],"predecessor-version":[{"id":2660,"href":"https:\/\/projetos.f3fabioramos.com.br\/news\/wp-json\/wp\/v2\/posts\/2656\/revisions\/2660"}],"wp:featuredmedia":[{"embeddable":true,"href":"https:\/\/projetos.f3fabioramos.com.br\/news\/wp-json\/wp\/v2\/media\/2657"}],"wp:attachment":[{"href":"https:\/\/projetos.f3fabioramos.com.br\/news\/wp-json\/wp\/v2\/media?parent=2656"}],"wp:term":[{"taxonomy":"category","embeddable":true,"href":"https:\/\/projetos.f3fabioramos.com.br\/news\/wp-json\/wp\/v2\/categories?post=2656"},{"taxonomy":"post_tag","embeddable":true,"href":"https:\/\/projetos.f3fabioramos.com.br\/news\/wp-json\/wp\/v2\/tags?post=2656"}],"curies":[{"name":"wp","href":"https:\/\/api.w.org\/{rel}","templated":true}]}}