{"id":2691,"date":"2025-10-11T17:07:35","date_gmt":"2025-10-11T20:07:35","guid":{"rendered":"https:\/\/projetos.f3fabioramos.com.br\/news\/?p=2691"},"modified":"2025-10-11T17:07:35","modified_gmt":"2025-10-11T20:07:35","slug":"zelensky-parabeniza-trump-por-acordo-no-oriente-medio-e-expressa-confianca-na-paz-para-a-ucrania","status":"publish","type":"post","link":"https:\/\/projetos.f3fabioramos.com.br\/news\/zelensky-parabeniza-trump-por-acordo-no-oriente-medio-e-expressa-confianca-na-paz-para-a-ucrania\/","title":{"rendered":"Zelensky Parabeniza Trump por Acordo no Oriente M\u00e9dio e Expressa Confian\u00e7a na Paz para a Ucr\u00e2nia"},"content":{"rendered":"<p>O presidente da Ucr\u00e2nia, <b>Volodimir Zelensky<\/b>, conversou com o presidente dos EUA, <b>Donald Trump<\/b>, neste s\u00e1bado (11), e o parabenizou pelo sucesso de um acordo alcan\u00e7ado recentemente no Oriente M\u00e9dio. Em uma mensagem na rede social X (anteriormente Twitter), Zelensky expressou a esperan\u00e7a de que a capacidade de Trump de intermediar a paz em uma regi\u00e3o tamb\u00e9m possa se estender \u00e0 guerra com a R\u00fassia.<\/p>\n<p>Zelensky descreveu a liga\u00e7\u00e3o como &#8220;muito positiva e produtiva&#8221;, destacando o acordo no Oriente M\u00e9dio como uma &#8220;conquista excepcional&#8221;.<\/p>\n<p>&#8220;Se uma guerra pode ser interrompida em uma regi\u00e3o, certamente outras tamb\u00e9m podem ser interrompidas, incluindo a guerra com a R\u00fassia,&#8221; escreveu o presidente ucraniano.<\/p>\n<p>Durante o di\u00e1logo, Zelensky tamb\u00e9m informou Trump sobre os ataques russos ao sistema de energia ucraniano e agradeceu a disposi\u00e7\u00e3o do l\u00edder americano em apoiar a Ucr\u00e2nia. Ele mencionou que ambos discutiram &#8220;oportunidades para refor\u00e7ar nossa defesa a\u00e9rea&#8221; e a exist\u00eancia de &#8220;boas op\u00e7\u00f5es e ideias s\u00f3lidas&#8221; para fortalecer o pa\u00eds.<\/p>\n<p>Zelensky reiterou a condi\u00e7\u00e3o de que, para que a paz na Ucr\u00e2nia se concretize, &#8220;\u00e9 necess\u00e1rio que a R\u00fassia esteja disposta a empreender uma verdadeira diplomacia&#8221;.<\/p>\n<p>A liga\u00e7\u00e3o ocorre em meio a um aumento nos ataques russos contra alvos ucranianos, com o chefe da administra\u00e7\u00e3o militar da regi\u00e3o de Zaporizhzhia relatando quase 700 ataques em 24 horas, resultando em mortes e feridos.<\/p>\n<p><img fetchpriority=\"high\" decoding=\"async\" class=\"alignnone\" src=\"https:\/\/www.infobae.com\/resizer\/v2\/6BAPAZOS2FDTFM4HZ22WN7MZCE.jpg?auth=c178db3b025e12b82d1c9a11d95bae003af3043837d550df7c3594b1031d8a8f&amp;smart=true&amp;width=992&amp;height=1418&amp;quality=85\" alt=\"\" width=\"508\" height=\"726\" \/><\/p>\n<p><b>Fonte:<\/b> Infobae, com base em comunicado de Volodimir Zelensky na rede social X.<\/p>\n","protected":false},"excerpt":{"rendered":"<p>O presidente da Ucr\u00e2nia, Volodimir Zelensky, conversou com o presidente dos EUA, Donald Trump, neste s\u00e1bado (11), e o parabenizou pelo sucesso de um acordo alcan\u00e7ado recentemente no Oriente M\u00e9dio. Em uma mensagem na rede social X (anteriormente Twitter), Zelensky expressou a esperan\u00e7a de que a capacidade de Trump de intermediar a paz em uma [&hellip;]<\/p>\n","protected":false},"author":1,"featured_media":2692,"comment_status":"closed","ping_status":"closed","sticky":false,"template":"","format":"standard","meta":{"footnotes":""},"categories":[7],"tags":[163],"class_list":["post-2691","post","type-post","status-publish","format-standard","has-post-thumbnail","hentry","category-mundo","tag-mundo"],"_links":{"self":[{"href":"https:\/\/projetos.f3fabioramos.com.br\/news\/wp-json\/wp\/v2\/posts\/2691","targetHints":{"allow":["GET"]}}],"collection":[{"href":"https:\/\/projetos.f3fabioramos.com.br\/news\/wp-json\/wp\/v2\/posts"}],"about":[{"href":"https:\/\/projetos.f3fabioramos.com.br\/news\/wp-json\/wp\/v2\/types\/post"}],"author":[{"embeddable":true,"href":"https:\/\/projetos.f3fabioramos.com.br\/news\/wp-json\/wp\/v2\/users\/1"}],"replies":[{"embeddable":true,"href":"https:\/\/projetos.f3fabioramos.com.br\/news\/wp-json\/wp\/v2\/comments?post=2691"}],"version-history":[{"count":1,"href":"https:\/\/projetos.f3fabioramos.com.br\/news\/wp-json\/wp\/v2\/posts\/2691\/revisions"}],"predecessor-version":[{"id":2693,"href":"https:\/\/projetos.f3fabioramos.com.br\/news\/wp-json\/wp\/v2\/posts\/2691\/revisions\/2693"}],"wp:featuredmedia":[{"embeddable":true,"href":"https:\/\/projetos.f3fabioramos.com.br\/news\/wp-json\/wp\/v2\/media\/2692"}],"wp:attachment":[{"href":"https:\/\/projetos.f3fabioramos.com.br\/news\/wp-json\/wp\/v2\/media?parent=2691"}],"wp:term":[{"taxonomy":"category","embeddable":true,"href":"https:\/\/projetos.f3fabioramos.com.br\/news\/wp-json\/wp\/v2\/categories?post=2691"},{"taxonomy":"post_tag","embeddable":true,"href":"https:\/\/projetos.f3fabioramos.com.br\/news\/wp-json\/wp\/v2\/tags?post=2691"}],"curies":[{"name":"wp","href":"https:\/\/api.w.org\/{rel}","templated":true}]}}