{"id":2694,"date":"2025-10-12T11:52:50","date_gmt":"2025-10-12T14:52:50","guid":{"rendered":"https:\/\/projetos.f3fabioramos.com.br\/news\/?p=2694"},"modified":"2025-10-12T11:53:47","modified_gmt":"2025-10-12T14:53:47","slug":"cessar-fogo-se-mantem-com-inicio-iminente-da-libertacao-de-refens-e-visita-de-trump","status":"publish","type":"post","link":"https:\/\/projetos.f3fabioramos.com.br\/news\/cessar-fogo-se-mantem-com-inicio-iminente-da-libertacao-de-refens-e-visita-de-trump\/","title":{"rendered":"Cessar-Fogo se Mant\u00e9m com In\u00edcio Iminente da Liberta\u00e7\u00e3o de Ref\u00e9ns e Visita de Trump"},"content":{"rendered":"<p>O cessar-fogo negociado entre Israel e o Hamas, com media\u00e7\u00e3o dos Estados Unidos e outros pa\u00edses, manteve-se firme neste domingo (12), gerando uma mistura de al\u00edvio e ansiedade na regi\u00e3o do Oriente M\u00e9dio. O acordo, que visa a troca de ref\u00e9ns israelenses por prisioneiros palestinos, est\u00e1 em seus momentos finais antes do in\u00edcio da fase de liberta\u00e7\u00e3o, prevista para coincidir com a chegada do presidente dos EUA, Donald Trump, a Israel.<\/p>\n<p>&nbsp;<\/p>\n<h3>Ref\u00e9ns Devem Ser Liberados Antes de Encontro de C\u00fapula<\/h3>\n<p>&nbsp;<\/p>\n<p>Fontes de Israel indicam que a liberta\u00e7\u00e3o dos ref\u00e9ns, mantidos pelo Hamas na Faixa de Gaza, dever\u00e1 come\u00e7ar na manh\u00e3 de segunda-feira (13). Essa a\u00e7\u00e3o cr\u00edtica ocorrer\u00e1 pouco antes do encontro planejado entre o Presidente Trump e o Primeiro-Ministro israelense Benjamin Netanyahu, marcando a visita do l\u00edder americano ao pa\u00eds. O vice-presidente dos EUA, JD Vance, afirmou que os ref\u00e9ns vivos podem ser libertados a qualquer momento.<\/p>\n<p>O Primeiro-Ministro Netanyahu confirmou que Israel est\u00e1 preparado para receber imediatamente os ref\u00e9ns, com preparativos de repatria\u00e7\u00e3o conclu\u00eddos para os cerca de <b>20 ref\u00e9ns vivos<\/b> estimados e os corpos dos cativos falecidos. Cerca de 28 ref\u00e9ns teriam morrido durante o conflito.<\/p>\n<p>&nbsp;<\/p>\n<h3>Ajuda Humanit\u00e1ria Aumenta<\/h3>\n<p>&nbsp;<\/p>\n<p>Enquanto a comunidade internacional aguarda o in\u00edcio da troca, a ajuda humanit\u00e1ria \u00e0 Faixa de Gaza foi intensificada. Caminh\u00f5es com suprimentos est\u00e3o sendo distribu\u00eddos, e a Ag\u00eancia da ONU para Refugiados Palestinos (UNRWA) informou ter comida suficiente para abastecer a popula\u00e7\u00e3o de Gaza por tr\u00eas meses, pedindo a abertura total das fronteiras.<\/p>\n<p>O acordo de cessar-fogo, uma iniciativa do Presidente Trump para encerrar a guerra, \u00e9 visto com esperan\u00e7a, embora persista a cautela sobre os pr\u00f3ximos passos, como o desarmamento do Hamas e a retirada completa das tropas israelenses.<\/p>\n<p><b>Fonte:<\/b> Reuters (Nidal al-Mughrabi no Cairo, Alexander Cornwell e Steven Scheer em Jerusal\u00e9m; Edi\u00e7\u00e3o de Bernadette Baum e Ros Russell)<\/p>\n","protected":false},"excerpt":{"rendered":"<p>O cessar-fogo negociado entre Israel e o Hamas, com media\u00e7\u00e3o dos Estados Unidos e outros pa\u00edses, manteve-se firme neste domingo (12), gerando uma mistura de al\u00edvio e ansiedade na regi\u00e3o do Oriente M\u00e9dio. O acordo, que visa a troca de ref\u00e9ns israelenses por prisioneiros palestinos, est\u00e1 em seus momentos finais antes do in\u00edcio da fase [&hellip;]<\/p>\n","protected":false},"author":1,"featured_media":2695,"comment_status":"closed","ping_status":"closed","sticky":false,"template":"","format":"standard","meta":{"footnotes":""},"categories":[7],"tags":[163],"class_list":["post-2694","post","type-post","status-publish","format-standard","has-post-thumbnail","hentry","category-mundo","tag-mundo"],"_links":{"self":[{"href":"https:\/\/projetos.f3fabioramos.com.br\/news\/wp-json\/wp\/v2\/posts\/2694","targetHints":{"allow":["GET"]}}],"collection":[{"href":"https:\/\/projetos.f3fabioramos.com.br\/news\/wp-json\/wp\/v2\/posts"}],"about":[{"href":"https:\/\/projetos.f3fabioramos.com.br\/news\/wp-json\/wp\/v2\/types\/post"}],"author":[{"embeddable":true,"href":"https:\/\/projetos.f3fabioramos.com.br\/news\/wp-json\/wp\/v2\/users\/1"}],"replies":[{"embeddable":true,"href":"https:\/\/projetos.f3fabioramos.com.br\/news\/wp-json\/wp\/v2\/comments?post=2694"}],"version-history":[{"count":1,"href":"https:\/\/projetos.f3fabioramos.com.br\/news\/wp-json\/wp\/v2\/posts\/2694\/revisions"}],"predecessor-version":[{"id":2696,"href":"https:\/\/projetos.f3fabioramos.com.br\/news\/wp-json\/wp\/v2\/posts\/2694\/revisions\/2696"}],"wp:featuredmedia":[{"embeddable":true,"href":"https:\/\/projetos.f3fabioramos.com.br\/news\/wp-json\/wp\/v2\/media\/2695"}],"wp:attachment":[{"href":"https:\/\/projetos.f3fabioramos.com.br\/news\/wp-json\/wp\/v2\/media?parent=2694"}],"wp:term":[{"taxonomy":"category","embeddable":true,"href":"https:\/\/projetos.f3fabioramos.com.br\/news\/wp-json\/wp\/v2\/categories?post=2694"},{"taxonomy":"post_tag","embeddable":true,"href":"https:\/\/projetos.f3fabioramos.com.br\/news\/wp-json\/wp\/v2\/tags?post=2694"}],"curies":[{"name":"wp","href":"https:\/\/api.w.org\/{rel}","templated":true}]}}