{"id":2697,"date":"2025-10-12T12:10:22","date_gmt":"2025-10-12T15:10:22","guid":{"rendered":"https:\/\/projetos.f3fabioramos.com.br\/news\/?p=2697"},"modified":"2025-10-12T12:10:22","modified_gmt":"2025-10-12T15:10:22","slug":"alerta-na-europa-numero-de-especies-de-abelhas-selvagens-em-risco-de-extincao-dobra-em-dez-anos","status":"publish","type":"post","link":"https:\/\/projetos.f3fabioramos.com.br\/news\/alerta-na-europa-numero-de-especies-de-abelhas-selvagens-em-risco-de-extincao-dobra-em-dez-anos\/","title":{"rendered":"Alerta na Europa: N\u00famero de Esp\u00e9cies de Abelhas Selvagens em Risco de Extin\u00e7\u00e3o Dobra em Dez Anos"},"content":{"rendered":"<p>O n\u00famero de esp\u00e9cies de abelhas selvagens na Europa classificadas como em risco de extin\u00e7\u00e3o mais que dobrou na \u00faltima d\u00e9cada, de acordo com novos estudos cient\u00edficos para a Lista Vermelha de Esp\u00e9cies Amea\u00e7adas da Uni\u00e3o Internacional para a Conserva\u00e7\u00e3o da Natureza (IUCN).<\/p>\n<p>O relat\u00f3rio, divulgado neste s\u00e1bado (11), revela a crescente amea\u00e7a aos polinizadores cruciais do continente, destacando que pelo menos <b>172 esp\u00e9cies de abelhas<\/b> (de um total de 1.928) est\u00e3o agora amea\u00e7adas de extin\u00e7\u00e3o na Europa.<\/p>\n<p>A situa\u00e7\u00e3o \u00e9 igualmente alarmante para as borboletas, cujo n\u00famero de esp\u00e9cies amea\u00e7adas quase dobrou, passando de 37 para 65 desde o \u00faltimo estudo, realizado h\u00e1 14 anos. Uma esp\u00e9cie, a <b>borboleta-branca-grande-da-Madeira<\/b> (<i>Pieris wollastoni<\/i>), foi declarada oficialmente extinta.<\/p>\n<p><b>Principais Causas do Decl\u00ednio:<\/b><\/p>\n<p>O r\u00e1pido decl\u00ednio \u00e9 atribu\u00eddo a uma combina\u00e7\u00e3o de fatores, com destaque para a a\u00e7\u00e3o humana e as mudan\u00e7as clim\u00e1ticas:<\/p>\n<ol start=\"1\">\n<li><b>Destrui\u00e7\u00e3o e Danos ao Habitat:<\/b> Causados principalmente pela intensifica\u00e7\u00e3o agr\u00edcola, abandono de terras, drenagem de zonas h\u00famidas e excesso de pastoreio.<\/li>\n<li><b>Uso de Produtos Qu\u00edmicos:<\/b> O uso de fertilizantes e pesticidas, incluindo os neonicotinoides, continua a ser uma amea\u00e7a significativa.<\/li>\n<li><b>Aquecimento Global:<\/b> A crise clim\u00e1tica \u00e9 uma amea\u00e7a crescente, sendo o fator principal para o risco de 52% das borboletas europeias em perigo \u2014 o dobro de uma d\u00e9cada atr\u00e1s. Esp\u00e9cies que habitam o topo de montanhas e as regi\u00f5es do C\u00edrculo Polar \u00c1rtico est\u00e3o particularmente vulner\u00e1veis.<\/li>\n<\/ol>\n<p><b>Impacto na Biodiversidade:<\/b><\/p>\n<p>Segundo o Dr. Denis Michez, coordenador-chefe da avalia\u00e7\u00e3o das abelhas selvagens, at\u00e9 <b>90% das plantas com flores na Europa<\/b> dependem da poliniza\u00e7\u00e3o animal. A perda de abelhas selvagens amea\u00e7a, consequentemente, a sobreviv\u00eancia de muitas plantas nativas.<\/p>\n<p>A Dra. Grethel Aguilar, diretora-geral da IUCN, enfatizou a import\u00e2ncia desses insetos: &#8220;Al\u00e9m de sua beleza e significado cultural, polinizadores como abelhas e borboletas s\u00e3o t\u00e1buas de salva\u00e7\u00e3o para nossa sa\u00fade, nossos sistemas alimentares e nossas economias \u2013 sustentando as frutas, vegetais e sementes que nos nutrem.&#8221;<\/p>\n<p>O relat\u00f3rio visa aumentar a press\u00e3o sobre os estados-membros da Uni\u00e3o Europeia (UE) para cumprirem a legisla\u00e7\u00e3o de restaura\u00e7\u00e3o da natureza da UE, que exige que os pa\u00edses revertam o decl\u00ednio dos polinizadores at\u00e9 2030.<\/p>\n<p>&nbsp;<\/p>\n<p><b>Fonte:<\/b> theguardian<\/p>\n","protected":false},"excerpt":{"rendered":"<p>O n\u00famero de esp\u00e9cies de abelhas selvagens na Europa classificadas como em risco de extin\u00e7\u00e3o mais que dobrou na \u00faltima d\u00e9cada, de acordo com novos estudos cient\u00edficos para a Lista Vermelha de Esp\u00e9cies Amea\u00e7adas da Uni\u00e3o Internacional para a Conserva\u00e7\u00e3o da Natureza (IUCN). O relat\u00f3rio, divulgado neste s\u00e1bado (11), revela a crescente amea\u00e7a aos polinizadores [&hellip;]<\/p>\n","protected":false},"author":1,"featured_media":2698,"comment_status":"closed","ping_status":"closed","sticky":false,"template":"","format":"standard","meta":{"footnotes":""},"categories":[7],"tags":[],"class_list":["post-2697","post","type-post","status-publish","format-standard","has-post-thumbnail","hentry","category-mundo"],"_links":{"self":[{"href":"https:\/\/projetos.f3fabioramos.com.br\/news\/wp-json\/wp\/v2\/posts\/2697","targetHints":{"allow":["GET"]}}],"collection":[{"href":"https:\/\/projetos.f3fabioramos.com.br\/news\/wp-json\/wp\/v2\/posts"}],"about":[{"href":"https:\/\/projetos.f3fabioramos.com.br\/news\/wp-json\/wp\/v2\/types\/post"}],"author":[{"embeddable":true,"href":"https:\/\/projetos.f3fabioramos.com.br\/news\/wp-json\/wp\/v2\/users\/1"}],"replies":[{"embeddable":true,"href":"https:\/\/projetos.f3fabioramos.com.br\/news\/wp-json\/wp\/v2\/comments?post=2697"}],"version-history":[{"count":1,"href":"https:\/\/projetos.f3fabioramos.com.br\/news\/wp-json\/wp\/v2\/posts\/2697\/revisions"}],"predecessor-version":[{"id":2699,"href":"https:\/\/projetos.f3fabioramos.com.br\/news\/wp-json\/wp\/v2\/posts\/2697\/revisions\/2699"}],"wp:featuredmedia":[{"embeddable":true,"href":"https:\/\/projetos.f3fabioramos.com.br\/news\/wp-json\/wp\/v2\/media\/2698"}],"wp:attachment":[{"href":"https:\/\/projetos.f3fabioramos.com.br\/news\/wp-json\/wp\/v2\/media?parent=2697"}],"wp:term":[{"taxonomy":"category","embeddable":true,"href":"https:\/\/projetos.f3fabioramos.com.br\/news\/wp-json\/wp\/v2\/categories?post=2697"},{"taxonomy":"post_tag","embeddable":true,"href":"https:\/\/projetos.f3fabioramos.com.br\/news\/wp-json\/wp\/v2\/tags?post=2697"}],"curies":[{"name":"wp","href":"https:\/\/api.w.org\/{rel}","templated":true}]}}