{"id":349,"date":"2024-09-10T09:54:00","date_gmt":"2024-09-10T12:54:00","guid":{"rendered":"https:\/\/projetos.f3solucoesweb.com.br\/news2\/?p=349"},"modified":"2024-12-23T14:22:54","modified_gmt":"2024-12-23T17:22:54","slug":"filme-nacional-e-destaque-no-festival-de-cinema-de-veneza","status":"publish","type":"post","link":"https:\/\/projetos.f3fabioramos.com.br\/news\/filme-nacional-e-destaque-no-festival-de-cinema-de-veneza\/","title":{"rendered":"20 &#8211; Filme nacional \u00e9 destaque no Festival de Cinema de Veneza"},"content":{"rendered":"\r\n<p>O filme brasileiro &#8220;Caminhos Invis\u00edveis&#8221;, dirigido por Maria Souza, foi aplaudido de p\u00e9 no Festival de Cinema de Veneza, ganhando destaque entre cr\u00edticos e p\u00fablico. O longa, que explora temas de desigualdade social e identidade, \u00e9 um forte candidato a pr\u00eamios na temporada. O sucesso no festival coloca o cinema brasileiro mais uma vez no radar internacional, consolidando a nova safra de cineastas do pa\u00eds.<\/p>\r\n","protected":false},"excerpt":{"rendered":"<p>O filme brasileiro &#8220;Caminhos Invis\u00edveis&#8221;, dirigido por Maria Souza, foi aplaudido de p\u00e9 no Festival de Cinema de Veneza, ganhando destaque entre cr\u00edticos e p\u00fablico. O longa, que explora temas de desigualdade social e identidade, \u00e9 um forte candidato a pr\u00eamios na temporada. O sucesso no festival coloca o cinema brasileiro mais uma vez no [&hellip;]<\/p>\n","protected":false},"author":6,"featured_media":350,"comment_status":"open","ping_status":"open","sticky":false,"template":"","format":"standard","meta":{"footnotes":""},"categories":[14],"tags":[34,35],"class_list":["post-349","post","type-post","status-publish","format-standard","has-post-thumbnail","hentry","category-entretenimento","tag-filmes","tag-televisao"],"_links":{"self":[{"href":"https:\/\/projetos.f3fabioramos.com.br\/news\/wp-json\/wp\/v2\/posts\/349","targetHints":{"allow":["GET"]}}],"collection":[{"href":"https:\/\/projetos.f3fabioramos.com.br\/news\/wp-json\/wp\/v2\/posts"}],"about":[{"href":"https:\/\/projetos.f3fabioramos.com.br\/news\/wp-json\/wp\/v2\/types\/post"}],"author":[{"embeddable":true,"href":"https:\/\/projetos.f3fabioramos.com.br\/news\/wp-json\/wp\/v2\/users\/6"}],"replies":[{"embeddable":true,"href":"https:\/\/projetos.f3fabioramos.com.br\/news\/wp-json\/wp\/v2\/comments?post=349"}],"version-history":[{"count":2,"href":"https:\/\/projetos.f3fabioramos.com.br\/news\/wp-json\/wp\/v2\/posts\/349\/revisions"}],"predecessor-version":[{"id":2227,"href":"https:\/\/projetos.f3fabioramos.com.br\/news\/wp-json\/wp\/v2\/posts\/349\/revisions\/2227"}],"wp:featuredmedia":[{"embeddable":true,"href":"https:\/\/projetos.f3fabioramos.com.br\/news\/wp-json\/wp\/v2\/media\/350"}],"wp:attachment":[{"href":"https:\/\/projetos.f3fabioramos.com.br\/news\/wp-json\/wp\/v2\/media?parent=349"}],"wp:term":[{"taxonomy":"category","embeddable":true,"href":"https:\/\/projetos.f3fabioramos.com.br\/news\/wp-json\/wp\/v2\/categories?post=349"},{"taxonomy":"post_tag","embeddable":true,"href":"https:\/\/projetos.f3fabioramos.com.br\/news\/wp-json\/wp\/v2\/tags?post=349"}],"curies":[{"name":"wp","href":"https:\/\/api.w.org\/{rel}","templated":true}]}}