{"id":425,"date":"2024-09-06T19:19:59","date_gmt":"2024-09-06T22:19:59","guid":{"rendered":"https:\/\/projetos.f3solucoesweb.com.br\/news2\/?p=425"},"modified":"2024-12-23T14:25:02","modified_gmt":"2024-12-23T17:25:02","slug":"acordo-de-paz-entre-armenia-e-azerbaijao-poe-fim-a-decadas-de-conflitos","status":"publish","type":"post","link":"https:\/\/projetos.f3fabioramos.com.br\/news\/acordo-de-paz-entre-armenia-e-azerbaijao-poe-fim-a-decadas-de-conflitos\/","title":{"rendered":"29 &#8211; Acordo de paz entre Arm\u00eania e Azerbaij\u00e3o p\u00f5e fim a d\u00e9cadas de conflitos"},"content":{"rendered":"\n<p>Ap\u00f3s meses de negocia\u00e7\u00f5es mediadas por pot\u00eancias internacionais, Arm\u00eania e Azerbaij\u00e3o chegaram a um acordo de paz hist\u00f3rico, encerrando anos de disputas territoriais na regi\u00e3o de Nagorno-Karabakh. O pacto, assinado em Genebra, prev\u00ea a retirada de tropas e o estabelecimento de uma zona desmilitarizada, al\u00e9m de garantias para a prote\u00e7\u00e3o das minorias \u00e9tnicas.<\/p>\n\n\n\n<p>O acordo foi bem recebido pela comunidade internacional, com a ONU e a Uni\u00e3o Europeia saudando o fim do conflito. L\u00edderes de ambos os pa\u00edses esperam que o tratado traga estabilidade \u00e0 regi\u00e3o e abra caminho para uma coopera\u00e7\u00e3o econ\u00f4mica e diplom\u00e1tica no futuro.<\/p>\n","protected":false},"excerpt":{"rendered":"<p>Ap\u00f3s meses de negocia\u00e7\u00f5es mediadas por pot\u00eancias internacionais, Arm\u00eania e Azerbaij\u00e3o chegaram a um acordo de paz hist\u00f3rico, encerrando anos de disputas territoriais na regi\u00e3o de Nagorno-Karabakh. O pacto, assinado em Genebra, prev\u00ea a retirada de tropas e o estabelecimento de uma zona desmilitarizada, al\u00e9m de garantias para a prote\u00e7\u00e3o das minorias \u00e9tnicas. O acordo [&hellip;]<\/p>\n","protected":false},"author":1,"featured_media":422,"comment_status":"open","ping_status":"open","sticky":false,"template":"","format":"standard","meta":{"footnotes":""},"categories":[7],"tags":[],"class_list":["post-425","post","type-post","status-publish","format-standard","has-post-thumbnail","hentry","category-mundo"],"_links":{"self":[{"href":"https:\/\/projetos.f3fabioramos.com.br\/news\/wp-json\/wp\/v2\/posts\/425","targetHints":{"allow":["GET"]}}],"collection":[{"href":"https:\/\/projetos.f3fabioramos.com.br\/news\/wp-json\/wp\/v2\/posts"}],"about":[{"href":"https:\/\/projetos.f3fabioramos.com.br\/news\/wp-json\/wp\/v2\/types\/post"}],"author":[{"embeddable":true,"href":"https:\/\/projetos.f3fabioramos.com.br\/news\/wp-json\/wp\/v2\/users\/1"}],"replies":[{"embeddable":true,"href":"https:\/\/projetos.f3fabioramos.com.br\/news\/wp-json\/wp\/v2\/comments?post=425"}],"version-history":[{"count":2,"href":"https:\/\/projetos.f3fabioramos.com.br\/news\/wp-json\/wp\/v2\/posts\/425\/revisions"}],"predecessor-version":[{"id":2236,"href":"https:\/\/projetos.f3fabioramos.com.br\/news\/wp-json\/wp\/v2\/posts\/425\/revisions\/2236"}],"wp:featuredmedia":[{"embeddable":true,"href":"https:\/\/projetos.f3fabioramos.com.br\/news\/wp-json\/wp\/v2\/media\/422"}],"wp:attachment":[{"href":"https:\/\/projetos.f3fabioramos.com.br\/news\/wp-json\/wp\/v2\/media?parent=425"}],"wp:term":[{"taxonomy":"category","embeddable":true,"href":"https:\/\/projetos.f3fabioramos.com.br\/news\/wp-json\/wp\/v2\/categories?post=425"},{"taxonomy":"post_tag","embeddable":true,"href":"https:\/\/projetos.f3fabioramos.com.br\/news\/wp-json\/wp\/v2\/tags?post=425"}],"curies":[{"name":"wp","href":"https:\/\/api.w.org\/{rel}","templated":true}]}}