{"id":427,"date":"2024-09-05T19:21:30","date_gmt":"2024-09-05T22:21:30","guid":{"rendered":"https:\/\/projetos.f3solucoesweb.com.br\/news2\/?p=427"},"modified":"2024-12-23T14:25:11","modified_gmt":"2024-12-23T17:25:11","slug":"uniao-europeia-aprova-regulamentacao-para-regular-o-uso-da-inteligencia-artificial","status":"publish","type":"post","link":"https:\/\/projetos.f3fabioramos.com.br\/news\/uniao-europeia-aprova-regulamentacao-para-regular-o-uso-da-inteligencia-artificial\/","title":{"rendered":"30 &#8211; Uni\u00e3o Europeia aprova regulamenta\u00e7\u00e3o para regular o uso da Intelig\u00eancia Artificial"},"content":{"rendered":"\r\n<p>A Uni\u00e3o Europeia aprovou um marco regulat\u00f3rio hist\u00f3rico para a utiliza\u00e7\u00e3o da Intelig\u00eancia Artificial (IA), tornando-se o primeiro bloco a estabelecer regras abrangentes sobre a tecnologia. O novo regulamento imp\u00f5e diretrizes rigorosas para garantir a transpar\u00eancia, \u00e9tica e seguran\u00e7a no desenvolvimento e aplica\u00e7\u00e3o da IA, especialmente em setores sens\u00edveis como sa\u00fade, seguran\u00e7a p\u00fablica e direitos civis.<\/p>\r\n\r\n\r\n\r\n<p>Empresas que utilizam IA ter\u00e3o que submeter seus algoritmos a auditorias regulares para verificar se est\u00e3o em conformidade com os princ\u00edpios estabelecidos, como prote\u00e7\u00e3o de dados e n\u00e3o discrimina\u00e7\u00e3o. Especialistas afirmam que o movimento pode influenciar outras na\u00e7\u00f5es a adotar regulamenta\u00e7\u00f5es semelhantes, criando um impacto global no futuro da IA.<\/p>\r\n","protected":false},"excerpt":{"rendered":"<p>A Uni\u00e3o Europeia aprovou um marco regulat\u00f3rio hist\u00f3rico para a utiliza\u00e7\u00e3o da Intelig\u00eancia Artificial (IA), tornando-se o primeiro bloco a estabelecer regras abrangentes sobre a tecnologia. O novo regulamento imp\u00f5e diretrizes rigorosas para garantir a transpar\u00eancia, \u00e9tica e seguran\u00e7a no desenvolvimento e aplica\u00e7\u00e3o da IA, especialmente em setores sens\u00edveis como sa\u00fade, seguran\u00e7a p\u00fablica e direitos [&hellip;]<\/p>\n","protected":false},"author":1,"featured_media":423,"comment_status":"open","ping_status":"open","sticky":false,"template":"","format":"standard","meta":{"footnotes":""},"categories":[7],"tags":[],"class_list":["post-427","post","type-post","status-publish","format-standard","has-post-thumbnail","hentry","category-mundo"],"_links":{"self":[{"href":"https:\/\/projetos.f3fabioramos.com.br\/news\/wp-json\/wp\/v2\/posts\/427","targetHints":{"allow":["GET"]}}],"collection":[{"href":"https:\/\/projetos.f3fabioramos.com.br\/news\/wp-json\/wp\/v2\/posts"}],"about":[{"href":"https:\/\/projetos.f3fabioramos.com.br\/news\/wp-json\/wp\/v2\/types\/post"}],"author":[{"embeddable":true,"href":"https:\/\/projetos.f3fabioramos.com.br\/news\/wp-json\/wp\/v2\/users\/1"}],"replies":[{"embeddable":true,"href":"https:\/\/projetos.f3fabioramos.com.br\/news\/wp-json\/wp\/v2\/comments?post=427"}],"version-history":[{"count":2,"href":"https:\/\/projetos.f3fabioramos.com.br\/news\/wp-json\/wp\/v2\/posts\/427\/revisions"}],"predecessor-version":[{"id":2237,"href":"https:\/\/projetos.f3fabioramos.com.br\/news\/wp-json\/wp\/v2\/posts\/427\/revisions\/2237"}],"wp:featuredmedia":[{"embeddable":true,"href":"https:\/\/projetos.f3fabioramos.com.br\/news\/wp-json\/wp\/v2\/media\/423"}],"wp:attachment":[{"href":"https:\/\/projetos.f3fabioramos.com.br\/news\/wp-json\/wp\/v2\/media?parent=427"}],"wp:term":[{"taxonomy":"category","embeddable":true,"href":"https:\/\/projetos.f3fabioramos.com.br\/news\/wp-json\/wp\/v2\/categories?post=427"},{"taxonomy":"post_tag","embeddable":true,"href":"https:\/\/projetos.f3fabioramos.com.br\/news\/wp-json\/wp\/v2\/tags?post=427"}],"curies":[{"name":"wp","href":"https:\/\/api.w.org\/{rel}","templated":true}]}}