{"id":734,"date":"2024-09-12T10:18:30","date_gmt":"2024-09-12T13:18:30","guid":{"rendered":"https:\/\/projetos.f3solucoesweb.com.br\/news2\/?p=734"},"modified":"2024-12-23T14:21:40","modified_gmt":"2024-12-23T17:21:40","slug":"brasil-lanca-programa-nacional-para-ampliar-o-ensino-tecnico-nas-escolas-publicas","status":"publish","type":"post","link":"https:\/\/projetos.f3fabioramos.com.br\/news\/brasil-lanca-programa-nacional-para-ampliar-o-ensino-tecnico-nas-escolas-publicas\/","title":{"rendered":"13 &#8211; Brasil lan\u00e7a programa nacional para ampliar o ensino t\u00e9cnico nas escolas p\u00fablicas"},"content":{"rendered":"\r\n<p>O governo brasileiro anunciou o lan\u00e7amento do <strong>Programa Nacional de Educa\u00e7\u00e3o T\u00e9cnica Avan\u00e7ada (PNETA)<\/strong>, com o objetivo de expandir o ensino t\u00e9cnico e profissionalizante em escolas p\u00fablicas de todo o pa\u00eds. A iniciativa busca integrar disciplinas pr\u00e1ticas ao curr\u00edculo regular, preparando estudantes do ensino m\u00e9dio para o mercado de trabalho em \u00e1reas como tecnologia, sa\u00fade, engenharia e agroneg\u00f3cio.<\/p>\r\n\r\n\r\n\r\n<p>O programa inclui parcerias com empresas privadas e universidades para oferecer est\u00e1gios, cursos de capacita\u00e7\u00e3o e treinamentos espec\u00edficos, visando reduzir a lacuna entre a educa\u00e7\u00e3o tradicional e as demandas do mercado de trabalho atual. O ministro da Educa\u00e7\u00e3o, Rafael Queiroz, afirmou que o PNETA tem como meta atingir 1 milh\u00e3o de estudantes nos pr\u00f3ximos tr\u00eas anos, com foco em regi\u00f5es menos desenvolvidas, onde o acesso a esse tipo de forma\u00e7\u00e3o \u00e9 mais limitado.<\/p>\r\n\r\n\r\n\r\n<p>Especialistas em educa\u00e7\u00e3o elogiaram o programa, destacando que ele pode contribuir significativamente para a redu\u00e7\u00e3o do desemprego jovem no pa\u00eds, ao promover maior qualifica\u00e7\u00e3o e competitividade entre os novos profissionais brasileiros.<\/p>\r\n","protected":false},"excerpt":{"rendered":"<p>O governo brasileiro anunciou o lan\u00e7amento do Programa Nacional de Educa\u00e7\u00e3o T\u00e9cnica Avan\u00e7ada (PNETA), com o objetivo de expandir o ensino t\u00e9cnico e profissionalizante em escolas p\u00fablicas de todo o pa\u00eds. A iniciativa busca integrar disciplinas pr\u00e1ticas ao curr\u00edculo regular, preparando estudantes do ensino m\u00e9dio para o mercado de trabalho em \u00e1reas como tecnologia, sa\u00fade, [&hellip;]<\/p>\n","protected":false},"author":3,"featured_media":735,"comment_status":"open","ping_status":"open","sticky":false,"template":"","format":"standard","meta":{"footnotes":""},"categories":[10],"tags":[29,30],"class_list":["post-734","post","type-post","status-publish","format-standard","has-post-thumbnail","hentry","category-educacao","tag-educacao","tag-escolas"],"_links":{"self":[{"href":"https:\/\/projetos.f3fabioramos.com.br\/news\/wp-json\/wp\/v2\/posts\/734","targetHints":{"allow":["GET"]}}],"collection":[{"href":"https:\/\/projetos.f3fabioramos.com.br\/news\/wp-json\/wp\/v2\/posts"}],"about":[{"href":"https:\/\/projetos.f3fabioramos.com.br\/news\/wp-json\/wp\/v2\/types\/post"}],"author":[{"embeddable":true,"href":"https:\/\/projetos.f3fabioramos.com.br\/news\/wp-json\/wp\/v2\/users\/3"}],"replies":[{"embeddable":true,"href":"https:\/\/projetos.f3fabioramos.com.br\/news\/wp-json\/wp\/v2\/comments?post=734"}],"version-history":[{"count":2,"href":"https:\/\/projetos.f3fabioramos.com.br\/news\/wp-json\/wp\/v2\/posts\/734\/revisions"}],"predecessor-version":[{"id":2220,"href":"https:\/\/projetos.f3fabioramos.com.br\/news\/wp-json\/wp\/v2\/posts\/734\/revisions\/2220"}],"wp:featuredmedia":[{"embeddable":true,"href":"https:\/\/projetos.f3fabioramos.com.br\/news\/wp-json\/wp\/v2\/media\/735"}],"wp:attachment":[{"href":"https:\/\/projetos.f3fabioramos.com.br\/news\/wp-json\/wp\/v2\/media?parent=734"}],"wp:term":[{"taxonomy":"category","embeddable":true,"href":"https:\/\/projetos.f3fabioramos.com.br\/news\/wp-json\/wp\/v2\/categories?post=734"},{"taxonomy":"post_tag","embeddable":true,"href":"https:\/\/projetos.f3fabioramos.com.br\/news\/wp-json\/wp\/v2\/tags?post=734"}],"curies":[{"name":"wp","href":"https:\/\/api.w.org\/{rel}","templated":true}]}}