{"id":1325,"date":"2025-02-11T22:11:42","date_gmt":"2025-02-12T01:11:42","guid":{"rendered":"https:\/\/projetos.f3fabioramos.com.br\/news2\/?p=1325"},"modified":"2025-02-11T22:28:00","modified_gmt":"2025-02-12T01:28:00","slug":"arapiraca-alcanca-crescimento-economico-notavel-e-supera-media-estadual","status":"publish","type":"post","link":"https:\/\/projetos.f3fabioramos.com.br\/news2\/arapiraca-alcanca-crescimento-economico-notavel-e-supera-media-estadual\/","title":{"rendered":"Arapiraca Alcan\u00e7a Crescimento Econ\u00f4mico Not\u00e1vel e Supera M\u00e9dia Estadual"},"content":{"rendered":"<p data-start=\"116\" data-end=\"575\"><em data-start=\"116\" data-end=\"152\">Arapiraca, 10 de fevereiro de 2025<\/em> \u2013 A economia de Arapiraca, considerada a capital do Agreste de Alagoas, vem apresentando sinais robustos de recupera\u00e7\u00e3o e crescimento, impulsionada por investimentos estrat\u00e9gicos em setores tradicionais e emergentes. Segundo dados recentes do Instituto de Economia do Estado, o Produto Interno Bruto (PIB) local cresceu 4,5% nos \u00faltimos 12 meses, refor\u00e7ando o dinamismo e a diversifica\u00e7\u00e3o dos setores produtivos da cidade.<\/p>\n<p data-start=\"577\" data-end=\"611\"><strong data-start=\"577\" data-end=\"611\">Agroind\u00fastria em Transforma\u00e7\u00e3o<\/strong><\/p>\n<p data-start=\"613\" data-end=\"984\">Historicamente marcada pela forte presen\u00e7a do setor agr\u00edcola, Arapiraca tem se destacado na moderniza\u00e7\u00e3o de suas pr\u00e1ticas agroindustriais. A implementa\u00e7\u00e3o de novas tecnologias e t\u00e9cnicas sustent\u00e1veis tem permitido um aumento significativo na produtividade, principalmente na produ\u00e7\u00e3o de culturas tradicionais, como o tabaco, al\u00e9m da diversifica\u00e7\u00e3o para outras lavouras.<\/p>\n<p data-start=\"987\" data-end=\"1302\">\u201cO investimento em capacita\u00e7\u00e3o e tecnologia tem sido decisivo para que nossos agricultores alcancem melhores rendimentos e expandam sua atua\u00e7\u00e3o no mercado nacional e internacional\u201d, destacou Jo\u00e3o Silva, secret\u00e1rio municipal de Agricultura, ressaltando os avan\u00e7os que est\u00e3o colocando a regi\u00e3o em posi\u00e7\u00e3o de destaque.<\/p>\n<p data-start=\"1304\" data-end=\"1344\"><strong data-start=\"1304\" data-end=\"1344\">Revitaliza\u00e7\u00e3o do Com\u00e9rcio e Servi\u00e7os<\/strong><\/p>\n<p data-start=\"1346\" data-end=\"1870\">O com\u00e9rcio local, que \u00e9 um dos pilares da economia de Arapiraca, tamb\u00e9m vem passando por uma fase de revitaliza\u00e7\u00e3o. Novos centros comerciais e a moderniza\u00e7\u00e3o das ruas de com\u00e9rcio t\u00eam atra\u00eddo consumidores e investidores, gerando um ambiente favor\u00e1vel para a abertura de novas lojas e servi\u00e7os. Al\u00e9m disso, o setor de servi\u00e7os, especialmente o de tecnologia e inova\u00e7\u00e3o, desponta com a instala\u00e7\u00e3o de startups e empresas voltadas para solu\u00e7\u00f5es digitais, contribuindo para a cria\u00e7\u00e3o de empregos e a dinamiza\u00e7\u00e3o da economia local.<\/p>\n<p data-start=\"1872\" data-end=\"2148\">\u201cEstamos vendo uma transforma\u00e7\u00e3o no perfil econ\u00f4mico da cidade. O equil\u00edbrio entre os setores tradicional e inovador \u00e9 fundamental para o desenvolvimento sustent\u00e1vel de Arapiraca\u201d, afirmou Maria Fernandes, empreendedora e representante de uma associa\u00e7\u00e3o local de comerciantes.<\/p>\n<p data-start=\"2150\" data-end=\"2214\"><strong data-start=\"2150\" data-end=\"2214\">Investimentos em Infraestrutura e Parcerias P\u00fablico-Privadas<\/strong><\/p>\n<p data-start=\"2216\" data-end=\"2679\">Os avan\u00e7os tamb\u00e9m t\u00eam sido impulsionados por investimentos em infraestrutura. A melhoria das vias de acesso, a amplia\u00e7\u00e3o da rede de transporte p\u00fablico e a moderniza\u00e7\u00e3o dos equipamentos urbanos t\u00eam contribu\u00eddo para a cria\u00e7\u00e3o de um ambiente prop\u00edcio ao crescimento econ\u00f4mico. Parcerias entre o poder p\u00fablico e a iniciativa privada t\u00eam acelerado projetos que visam n\u00e3o apenas a melhoria da infraestrutura, mas tamb\u00e9m a atra\u00e7\u00e3o de novos empreendimentos para a cidade.<\/p>\n<p data-start=\"2681\" data-end=\"2978\">O prefeito de Arapiraca, Carlos Almeida, ressaltou que \u201ca converg\u00eancia de esfor\u00e7os entre governo e iniciativa privada tem permitido transformar desafios em oportunidades, elevando a qualidade de vida da popula\u00e7\u00e3o e consolidando nossa cidade como um polo de desenvolvimento no interior de Alagoas.\u201d<\/p>\n<p data-start=\"2980\" data-end=\"3010\"><strong data-start=\"2980\" data-end=\"3010\">Perspectivas para o Futuro<\/strong><\/p>\n<p data-start=\"3012\" data-end=\"3357\">Com a continuidade dos investimentos e a diversifica\u00e7\u00e3o dos setores econ\u00f4micos, as perspectivas para Arapiraca s\u00e3o otimistas. Especialistas apontam que a cidade tem potencial para se consolidar como um importante centro de inova\u00e7\u00e3o e agroind\u00fastria na regi\u00e3o, atraindo novos talentos e recursos para o desenvolvimento de iniciativas sustent\u00e1veis.<\/p>\n<p data-start=\"3359\" data-end=\"3552\">A expectativa \u00e9 de que, nos pr\u00f3ximos meses, novos projetos e parcerias ampliem ainda mais o crescimento econ\u00f4mico, garantindo a Arapiraca uma posi\u00e7\u00e3o de destaque no cen\u00e1rio regional e nacional.<\/p>\n","protected":false},"excerpt":{"rendered":"<p>Arapiraca, 10 de fevereiro de 2025 \u2013 A economia de Arapiraca, considerada a capital do Agreste de Alagoas, vem apresentando sinais robustos de recupera\u00e7\u00e3o e crescimento, impulsionada por investimentos estrat\u00e9gicos em setores tradicionais e emergentes. Segundo dados recentes do Instituto de Economia do Estado, o Produto Interno Bruto (PIB) local cresceu 4,5% nos \u00faltimos 12 [&hellip;]<\/p>\n","protected":false},"author":5,"featured_media":1326,"comment_status":"closed","ping_status":"closed","sticky":false,"template":"","format":"standard","meta":{"footnotes":""},"categories":[34,30],"tags":[35],"class_list":["post-1325","post","type-post","status-publish","format-standard","has-post-thumbnail","hentry","category-arapiraca","category-municipios","tag-arapiraca"],"_links":{"self":[{"href":"https:\/\/projetos.f3fabioramos.com.br\/news2\/wp-json\/wp\/v2\/posts\/1325","targetHints":{"allow":["GET"]}}],"collection":[{"href":"https:\/\/projetos.f3fabioramos.com.br\/news2\/wp-json\/wp\/v2\/posts"}],"about":[{"href":"https:\/\/projetos.f3fabioramos.com.br\/news2\/wp-json\/wp\/v2\/types\/post"}],"author":[{"embeddable":true,"href":"https:\/\/projetos.f3fabioramos.com.br\/news2\/wp-json\/wp\/v2\/users\/5"}],"replies":[{"embeddable":true,"href":"https:\/\/projetos.f3fabioramos.com.br\/news2\/wp-json\/wp\/v2\/comments?post=1325"}],"version-history":[{"count":1,"href":"https:\/\/projetos.f3fabioramos.com.br\/news2\/wp-json\/wp\/v2\/posts\/1325\/revisions"}],"predecessor-version":[{"id":1327,"href":"https:\/\/projetos.f3fabioramos.com.br\/news2\/wp-json\/wp\/v2\/posts\/1325\/revisions\/1327"}],"wp:featuredmedia":[{"embeddable":true,"href":"https:\/\/projetos.f3fabioramos.com.br\/news2\/wp-json\/wp\/v2\/media\/1326"}],"wp:attachment":[{"href":"https:\/\/projetos.f3fabioramos.com.br\/news2\/wp-json\/wp\/v2\/media?parent=1325"}],"wp:term":[{"taxonomy":"category","embeddable":true,"href":"https:\/\/projetos.f3fabioramos.com.br\/news2\/wp-json\/wp\/v2\/categories?post=1325"},{"taxonomy":"post_tag","embeddable":true,"href":"https:\/\/projetos.f3fabioramos.com.br\/news2\/wp-json\/wp\/v2\/tags?post=1325"}],"curies":[{"name":"wp","href":"https:\/\/api.w.org\/{rel}","templated":true}]}}