{"id":1335,"date":"2025-02-12T09:44:53","date_gmt":"2025-02-12T12:44:53","guid":{"rendered":"https:\/\/projetos.f3fabioramos.com.br\/news2\/?p=1335"},"modified":"2025-02-13T14:28:35","modified_gmt":"2025-02-13T17:28:35","slug":"prefeitura-de-atalaia-anuncia-novas-obras-de-pavimentacao-para-diversos-bairros","status":"publish","type":"post","link":"https:\/\/projetos.f3fabioramos.com.br\/news2\/prefeitura-de-atalaia-anuncia-novas-obras-de-pavimentacao-para-diversos-bairros\/","title":{"rendered":"Prefeitura de Atalaia anuncia novas obras de pavimenta\u00e7\u00e3o para diversos bairros"},"content":{"rendered":"<p data-sourcepos=\"5:1-5:338\">A Prefeitura de Atalaia, em mais uma demonstra\u00e7\u00e3o de compromisso com o desenvolvimento da cidade, anunciou nesta ter\u00e7a-feira (12\/09) o in\u00edcio das obras de pavimenta\u00e7\u00e3o asf\u00e1ltica no bairro [Nome do Bairro]. A iniciativa, que faz parte do programa &#8220;Atalaia Melhor&#8221;, visa melhorar a infraestrutura urbana e a qualidade de vida dos moradores.<\/p>\n<figure id=\"attachment_1336\" aria-describedby=\"caption-attachment-1336\" style=\"width: 774px\" class=\"wp-caption alignnone\"><img fetchpriority=\"high\" decoding=\"async\" class=\" wp-image-1336\" src=\"https:\/\/projetos.f3fabioramos.com.br\/news2\/wp-content\/uploads\/2025\/02\/obras-300x150.webp\" alt=\"\" width=\"774\" height=\"387\" srcset=\"https:\/\/projetos.f3fabioramos.com.br\/news2\/wp-content\/uploads\/2025\/02\/obras-300x150.webp 300w, https:\/\/projetos.f3fabioramos.com.br\/news2\/wp-content\/uploads\/2025\/02\/obras-1024x512.webp 1024w, https:\/\/projetos.f3fabioramos.com.br\/news2\/wp-content\/uploads\/2025\/02\/obras-768x384.webp 768w, https:\/\/projetos.f3fabioramos.com.br\/news2\/wp-content\/uploads\/2025\/02\/obras.webp 1200w\" sizes=\"(max-width: 774px) 100vw, 774px\" \/><figcaption id=\"caption-attachment-1336\" class=\"wp-caption-text\">Al\u00e9m das obras de pavimenta\u00e7\u00e3o, a Prefeitura de Atalaia tem realizado diversas outras a\u00e7\u00f5es para melhorar a qualidade de vida da popula\u00e7\u00e3o<\/figcaption><\/figure>\n<p data-sourcepos=\"9:1-9:303\">A obra, que ter\u00e1 in\u00edcio na pr\u00f3xima semana, beneficiar\u00e1 diretamente [n\u00famero] fam\u00edlias residentes no bairro, proporcionando mais conforto e seguran\u00e7a aos moradores. Al\u00e9m da pavimenta\u00e7\u00e3o, a prefeitura tamb\u00e9m realizar\u00e1 a instala\u00e7\u00e3o de novas redes de \u00e1gua e esgoto, al\u00e9m da constru\u00e7\u00e3o de cal\u00e7adas e meio-fio.<\/p>\n<p data-sourcepos=\"11:1-11:424\">Destacou ainda a import\u00e2ncia da obra para o desenvolvimento do bairro [Nome do Bairro] e para a cidade como um todo. &#8220;Essa obra \u00e9 mais uma demonstra\u00e7\u00e3o do nosso compromisso em melhorar a qualidade de vida da popula\u00e7\u00e3o. Com a pavimenta\u00e7\u00e3o das ruas, estaremos proporcionando mais conforto e seguran\u00e7a aos moradores, al\u00e9m de valorizar os im\u00f3veis da regi\u00e3o&#8221;, afirmou.<\/p>\n<p data-sourcepos=\"15:1-15:218\">A previs\u00e3o \u00e9 que as obras sejam conclu\u00eddas em [prazo estimado]. Durante a execu\u00e7\u00e3o dos trabalhos, a prefeitura solicita a compreens\u00e3o dos moradores e pede que todos colaborem para que a obra seja realizada com sucesso.<\/p>\n<p data-sourcepos=\"17:1-17:30\"><strong>Outras a\u00e7\u00f5es da prefeitura<\/strong><\/p>\n<p data-sourcepos=\"19:1-19:244\">Al\u00e9m das obras de pavimenta\u00e7\u00e3o, a Prefeitura de Atalaia tem realizado diversas outras a\u00e7\u00f5es para melhorar a qualidade de vida da popula\u00e7\u00e3o, como a constru\u00e7\u00e3o de novas escolas, a reforma de unidades de sa\u00fade e a implanta\u00e7\u00e3o de programas sociais.<\/p>\n<p data-sourcepos=\"19:1-19:244\"><img decoding=\"async\" class=\"alignnone wp-image-1293 size-full\" src=\"https:\/\/projetos.f3fabioramos.com.br\/news2\/wp-content\/uploads\/2025\/02\/analisededados.gif\" alt=\"\" width=\"1920\" height=\"350\" \/><\/p>\n","protected":false},"excerpt":{"rendered":"<p>A Prefeitura de Atalaia, em mais uma demonstra\u00e7\u00e3o de compromisso com o desenvolvimento da cidade, anunciou nesta ter\u00e7a-feira (12\/09) o in\u00edcio das obras de pavimenta\u00e7\u00e3o asf\u00e1ltica no bairro [Nome do Bairro]. A iniciativa, que faz parte do programa &#8220;Atalaia Melhor&#8221;, visa melhorar a infraestrutura urbana e a qualidade de vida dos moradores. A obra, que [&hellip;]<\/p>\n","protected":false},"author":2,"featured_media":1336,"comment_status":"closed","ping_status":"closed","sticky":false,"template":"","format":"standard","meta":{"footnotes":""},"categories":[31,30],"tags":[],"class_list":["post-1335","post","type-post","status-publish","format-standard","has-post-thumbnail","hentry","category-atalaia","category-municipios"],"_links":{"self":[{"href":"https:\/\/projetos.f3fabioramos.com.br\/news2\/wp-json\/wp\/v2\/posts\/1335","targetHints":{"allow":["GET"]}}],"collection":[{"href":"https:\/\/projetos.f3fabioramos.com.br\/news2\/wp-json\/wp\/v2\/posts"}],"about":[{"href":"https:\/\/projetos.f3fabioramos.com.br\/news2\/wp-json\/wp\/v2\/types\/post"}],"author":[{"embeddable":true,"href":"https:\/\/projetos.f3fabioramos.com.br\/news2\/wp-json\/wp\/v2\/users\/2"}],"replies":[{"embeddable":true,"href":"https:\/\/projetos.f3fabioramos.com.br\/news2\/wp-json\/wp\/v2\/comments?post=1335"}],"version-history":[{"count":3,"href":"https:\/\/projetos.f3fabioramos.com.br\/news2\/wp-json\/wp\/v2\/posts\/1335\/revisions"}],"predecessor-version":[{"id":1540,"href":"https:\/\/projetos.f3fabioramos.com.br\/news2\/wp-json\/wp\/v2\/posts\/1335\/revisions\/1540"}],"wp:featuredmedia":[{"embeddable":true,"href":"https:\/\/projetos.f3fabioramos.com.br\/news2\/wp-json\/wp\/v2\/media\/1336"}],"wp:attachment":[{"href":"https:\/\/projetos.f3fabioramos.com.br\/news2\/wp-json\/wp\/v2\/media?parent=1335"}],"wp:term":[{"taxonomy":"category","embeddable":true,"href":"https:\/\/projetos.f3fabioramos.com.br\/news2\/wp-json\/wp\/v2\/categories?post=1335"},{"taxonomy":"post_tag","embeddable":true,"href":"https:\/\/projetos.f3fabioramos.com.br\/news2\/wp-json\/wp\/v2\/tags?post=1335"}],"curies":[{"name":"wp","href":"https:\/\/api.w.org\/{rel}","templated":true}]}}