{"id":1338,"date":"2025-02-12T09:54:18","date_gmt":"2025-02-12T12:54:18","guid":{"rendered":"https:\/\/projetos.f3fabioramos.com.br\/news2\/?p=1338"},"modified":"2025-02-12T09:55:28","modified_gmt":"2025-02-12T12:55:28","slug":"maceio-recebe-novo-investimento-em-infraestrutura-turistica","status":"publish","type":"post","link":"https:\/\/projetos.f3fabioramos.com.br\/news2\/maceio-recebe-novo-investimento-em-infraestrutura-turistica\/","title":{"rendered":"Macei\u00f3 recebe novo investimento em infraestrutura tur\u00edstica"},"content":{"rendered":"<p data-sourcepos=\"5:1-5:344\">A capital alagoana, Macei\u00f3, conhecida por suas belas praias e rica cultura, est\u00e1 prestes a receber um novo investimento em infraestrutura tur\u00edstica. A constru\u00e7\u00e3o de um empreendimento: complexo hoteleiro, na orla da cidade.<\/p>\n<figure id=\"attachment_1339\" aria-describedby=\"caption-attachment-1339\" style=\"width: 716px\" class=\"wp-caption alignnone\"><img fetchpriority=\"high\" decoding=\"async\" class=\" wp-image-1339\" src=\"https:\/\/projetos.f3fabioramos.com.br\/news2\/wp-content\/uploads\/2025\/02\/maceio2-300x150.webp\" alt=\"\" width=\"716\" height=\"358\" srcset=\"https:\/\/projetos.f3fabioramos.com.br\/news2\/wp-content\/uploads\/2025\/02\/maceio2-300x150.webp 300w, https:\/\/projetos.f3fabioramos.com.br\/news2\/wp-content\/uploads\/2025\/02\/maceio2-1024x512.webp 1024w, https:\/\/projetos.f3fabioramos.com.br\/news2\/wp-content\/uploads\/2025\/02\/maceio2-768x384.webp 768w, https:\/\/projetos.f3fabioramos.com.br\/news2\/wp-content\/uploads\/2025\/02\/maceio2.webp 1200w\" sizes=\"(max-width: 716px) 100vw, 716px\" \/><figcaption id=\"caption-attachment-1339\" class=\"wp-caption-text\">A constru\u00e7\u00e3o e a opera\u00e7\u00e3o do empreendimento gerar\u00e3o milhares de empregos diretos e indiretos.<\/figcaption><\/figure>\n<p data-sourcepos=\"11:1-11:24\"><strong>Detalhes do projeto:<\/strong><\/p>\n<ul data-sourcepos=\"13:1-17:0\">\n<li data-sourcepos=\"13:1-13:127\"><strong>Localiza\u00e7\u00e3o:<\/strong> O empreendimento ser\u00e1 constru\u00eddo em um terreno de 5m metros quadrados, localizado na PontaVerde.<\/li>\n<li data-sourcepos=\"14:1-14:74\"><strong>Investimento:<\/strong> O investimento total do projeto \u00e9 estimado em 900 milh\u00f5es.<\/li>\n<li data-sourcepos=\"15:1-15:80\"><strong>Prazo de conclus\u00e3o:<\/strong> A previs\u00e3o \u00e9 que as obras sejam conclu\u00eddas em 2 anos.<\/li>\n<li data-sourcepos=\"16:1-17:0\"><strong>Atra\u00e7\u00f5es:<\/strong> O complexo contar\u00e1 com [ hot\u00e9is, restaurantes, piscinas, \u00e1reas de lazer, etc.].<\/li>\n<\/ul>\n<p data-sourcepos=\"18:1-18:26\"><strong>Impacto para a cidade:<\/strong><\/p>\n<p data-sourcepos=\"20:1-20:56\">A nova obra trar\u00e1 diversos benef\u00edcios para Macei\u00f3, como:<\/p>\n<ul data-sourcepos=\"22:1-25:0\">\n<li data-sourcepos=\"22:1-22:120\"><strong>Gera\u00e7\u00e3o de empregos:<\/strong> A constru\u00e7\u00e3o e a opera\u00e7\u00e3o do empreendimento gerar\u00e3o milhares de empregos diretos e indiretos.<\/li>\n<li data-sourcepos=\"23:1-23:136\"><strong>Aumento do fluxo tur\u00edstico:<\/strong> O novo complexo tur\u00edstico atrair\u00e1 ainda mais visitantes para a cidade, impulsionando a economia local.<\/li>\n<li data-sourcepos=\"24:1-25:0\"><strong>Melhoria da infraestrutura:<\/strong> A constru\u00e7\u00e3o do empreendimento exigir\u00e1 melhorias na infraestrutura da regi\u00e3o, como a amplia\u00e7\u00e3o das redes de \u00e1gua e esgoto e a constru\u00e7\u00e3o de novas vias de acesso.<\/li>\n<\/ul>\n<p data-sourcepos=\"28:1-28:28\"><strong>O que esperar do futuro:<\/strong><\/p>\n<p data-sourcepos=\"30:1-30:240\">Com este novo investimento, Macei\u00f3 se consolida como um dos destinos tur\u00edsticos mais procurados do Brasil. A expectativa \u00e9 que a cidade continue a crescer e se desenvolver nos pr\u00f3ximos anos, atraindo cada vez mais visitantes e investidores.<\/p>\n","protected":false},"excerpt":{"rendered":"<p>A capital alagoana, Macei\u00f3, conhecida por suas belas praias e rica cultura, est\u00e1 prestes a receber um novo investimento em infraestrutura tur\u00edstica. A constru\u00e7\u00e3o de um empreendimento: complexo hoteleiro, na orla da cidade. Detalhes do projeto: Localiza\u00e7\u00e3o: O empreendimento ser\u00e1 constru\u00eddo em um terreno de 5m metros quadrados, localizado na PontaVerde. Investimento: O investimento total [&hellip;]<\/p>\n","protected":false},"author":5,"featured_media":1339,"comment_status":"closed","ping_status":"closed","sticky":false,"template":"","format":"standard","meta":{"footnotes":""},"categories":[33,30],"tags":[38,42,41,40,39,37,43,36],"class_list":["post-1338","post","type-post","status-publish","format-standard","has-post-thumbnail","hentry","category-maceio","category-municipios","tag-alagoas","tag-desenvolvimento","tag-hotelaria","tag-infraestrutura","tag-investimento","tag-maceio","tag-praia","tag-turismo"],"_links":{"self":[{"href":"https:\/\/projetos.f3fabioramos.com.br\/news2\/wp-json\/wp\/v2\/posts\/1338","targetHints":{"allow":["GET"]}}],"collection":[{"href":"https:\/\/projetos.f3fabioramos.com.br\/news2\/wp-json\/wp\/v2\/posts"}],"about":[{"href":"https:\/\/projetos.f3fabioramos.com.br\/news2\/wp-json\/wp\/v2\/types\/post"}],"author":[{"embeddable":true,"href":"https:\/\/projetos.f3fabioramos.com.br\/news2\/wp-json\/wp\/v2\/users\/5"}],"replies":[{"embeddable":true,"href":"https:\/\/projetos.f3fabioramos.com.br\/news2\/wp-json\/wp\/v2\/comments?post=1338"}],"version-history":[{"count":3,"href":"https:\/\/projetos.f3fabioramos.com.br\/news2\/wp-json\/wp\/v2\/posts\/1338\/revisions"}],"predecessor-version":[{"id":1342,"href":"https:\/\/projetos.f3fabioramos.com.br\/news2\/wp-json\/wp\/v2\/posts\/1338\/revisions\/1342"}],"wp:featuredmedia":[{"embeddable":true,"href":"https:\/\/projetos.f3fabioramos.com.br\/news2\/wp-json\/wp\/v2\/media\/1339"}],"wp:attachment":[{"href":"https:\/\/projetos.f3fabioramos.com.br\/news2\/wp-json\/wp\/v2\/media?parent=1338"}],"wp:term":[{"taxonomy":"category","embeddable":true,"href":"https:\/\/projetos.f3fabioramos.com.br\/news2\/wp-json\/wp\/v2\/categories?post=1338"},{"taxonomy":"post_tag","embeddable":true,"href":"https:\/\/projetos.f3fabioramos.com.br\/news2\/wp-json\/wp\/v2\/tags?post=1338"}],"curies":[{"name":"wp","href":"https:\/\/api.w.org\/{rel}","templated":true}]}}