{"id":343,"date":"2024-09-10T09:21:07","date_gmt":"2024-09-10T12:21:07","guid":{"rendered":"https:\/\/projetos.f3fabioramos.com.br\/news2\/?p=343"},"modified":"2024-09-12T22:36:56","modified_gmt":"2024-09-13T01:36:56","slug":"a-volta-de-chaves-a-tv-brasileira-uma-celebracao-da-nostalgia","status":"publish","type":"post","link":"https:\/\/projetos.f3fabioramos.com.br\/news2\/a-volta-de-chaves-a-tv-brasileira-uma-celebracao-da-nostalgia\/","title":{"rendered":"A Volta de &#8220;Chaves&#8221; \u00e0 TV Brasileira: Uma Celebra\u00e7\u00e3o da Nostalgia"},"content":{"rendered":"\r\n<p>Ap\u00f3s anos de especula\u00e7\u00e3o e expectativa por parte dos f\u00e3s, o ic\u00f4nico seriado &#8220;Chaves&#8221; est\u00e1 de volta \u00e0 televis\u00e3o brasileira, trazendo com ele uma onda de nostalgia e alegria que atravessa gera\u00e7\u00f5es. Originalmente exibido no Brasil desde a d\u00e9cada de 1980, o programa conquistou cora\u00e7\u00f5es com suas hist\u00f3rias simples, personagens carism\u00e1ticos e humor atemporal.<\/p>\r\n\r\n\r\n\r\n<p>A reexibi\u00e7\u00e3o de &#8220;Chaves&#8221; promete reviver as aventuras do menino pobre que vive em uma vila, junto a figuras memor\u00e1veis como Quico, Dona Florinda, Seu Madruga e a sempre enigm\u00e1tica Chiquinha. A simplicidade das tramas, que abordam temas como amizade, amor e os dilemas do dia a dia, ressoa fortemente com o p\u00fablico, proporcionando momentos de reflex\u00e3o e divers\u00e3o.<\/p>\r\n\r\n\r\n\r\n<p>A volta do programa \u00e0s telinhas n\u00e3o \u00e9 apenas um retorno; \u00e9 uma celebra\u00e7\u00e3o de uma era em que a televis\u00e3o reunia fam\u00edlias ao redor do aparelho, criando mem\u00f3rias que perduram at\u00e9 hoje. Para os mais jovens, &#8220;Chaves&#8221; representa uma oportunidade de descobrir um cl\u00e1ssico que moldou o humor brasileiro e a cultura pop. Para os adultos, \u00e9 um convite a revisitar a inf\u00e2ncia e reviver as risadas que ecoaram em suas casas.<\/p>\r\n\r\n\r\n\r\n<p>Al\u00e9m disso, a reintegra\u00e7\u00e3o de &#8220;Chaves&#8221; \u00e0 programa\u00e7\u00e3o televisiva tamb\u00e9m \u00e9 um lembrete da import\u00e2ncia do entretenimento leve e familiar em um mundo cada vez mais acelerado e estressante. O programa traz uma mensagem de uni\u00e3o e simplicidade, provando que o humor pode ser uma poderosa ferramenta de conex\u00e3o.<\/p>\r\n\r\n\r\n\r\n<p>A expectativa \u00e9 alta entre os f\u00e3s, que aguardam ansiosamente a estreia dos epis\u00f3dios. Redes sociais foram tomadas por mem\u00f3rias, memes e cita\u00e7\u00f5es cl\u00e1ssicas do seriado, mostrando o impacto duradouro que &#8220;Chaves&#8221; teve na cultura brasileira. O retorno do seriado \u00e9 mais do que uma mera reprise; \u00e9 um resgate de sorrisos e uma oportunidade para novas gera\u00e7\u00f5es apreciarem a genialidade de Roberto G\u00f3mez Bola\u00f1os.<\/p>\r\n\r\n\r\n\r\n<p>Com a volta de &#8220;Chaves&#8221; \u00e0 TV brasileira, o p\u00fablico pode esperar um deleite nost\u00e1lgico, repleto de risadas e li\u00e7\u00f5es valiosas, que reafirma a import\u00e2ncia da amizade e da simplicidade na vida. As aventuras do menino do chap\u00e9u largo est\u00e3o de volta, e<\/p>\r\n","protected":false},"excerpt":{"rendered":"<p>Ap\u00f3s anos de especula\u00e7\u00e3o e expectativa por parte dos f\u00e3s, o ic\u00f4nico seriado &#8220;Chaves&#8221; est\u00e1 de volta \u00e0 televis\u00e3o brasileira, trazendo com ele uma onda de nostalgia e alegria que atravessa gera\u00e7\u00f5es. Originalmente exibido no Brasil desde a d\u00e9cada de 1980, o programa conquistou cora\u00e7\u00f5es com suas hist\u00f3rias simples, personagens carism\u00e1ticos e humor atemporal. A [&hellip;]<\/p>\n","protected":false},"author":1,"featured_media":344,"comment_status":"open","ping_status":"open","sticky":false,"template":"","format":"standard","meta":{"footnotes":""},"categories":[14],"tags":[],"class_list":["post-343","post","type-post","status-publish","format-standard","has-post-thumbnail","hentry","category-entretenimento"],"_links":{"self":[{"href":"https:\/\/projetos.f3fabioramos.com.br\/news2\/wp-json\/wp\/v2\/posts\/343","targetHints":{"allow":["GET"]}}],"collection":[{"href":"https:\/\/projetos.f3fabioramos.com.br\/news2\/wp-json\/wp\/v2\/posts"}],"about":[{"href":"https:\/\/projetos.f3fabioramos.com.br\/news2\/wp-json\/wp\/v2\/types\/post"}],"author":[{"embeddable":true,"href":"https:\/\/projetos.f3fabioramos.com.br\/news2\/wp-json\/wp\/v2\/users\/1"}],"replies":[{"embeddable":true,"href":"https:\/\/projetos.f3fabioramos.com.br\/news2\/wp-json\/wp\/v2\/comments?post=343"}],"version-history":[{"count":1,"href":"https:\/\/projetos.f3fabioramos.com.br\/news2\/wp-json\/wp\/v2\/posts\/343\/revisions"}],"predecessor-version":[{"id":345,"href":"https:\/\/projetos.f3fabioramos.com.br\/news2\/wp-json\/wp\/v2\/posts\/343\/revisions\/345"}],"wp:featuredmedia":[{"embeddable":true,"href":"https:\/\/projetos.f3fabioramos.com.br\/news2\/wp-json\/wp\/v2\/media\/344"}],"wp:attachment":[{"href":"https:\/\/projetos.f3fabioramos.com.br\/news2\/wp-json\/wp\/v2\/media?parent=343"}],"wp:term":[{"taxonomy":"category","embeddable":true,"href":"https:\/\/projetos.f3fabioramos.com.br\/news2\/wp-json\/wp\/v2\/categories?post=343"},{"taxonomy":"post_tag","embeddable":true,"href":"https:\/\/projetos.f3fabioramos.com.br\/news2\/wp-json\/wp\/v2\/tags?post=343"}],"curies":[{"name":"wp","href":"https:\/\/api.w.org\/{rel}","templated":true}]}}