{"id":58,"date":"2024-09-12T17:07:38","date_gmt":"2024-09-12T20:07:38","guid":{"rendered":"https:\/\/projetos.f3fabioramos.com.br\/news2\/?p=58"},"modified":"2024-09-22T21:14:24","modified_gmt":"2024-09-23T00:14:24","slug":"mercado-de-trabalho-brasileiro-apresenta-sinais-de-recuperacao","status":"publish","type":"post","link":"https:\/\/projetos.f3fabioramos.com.br\/news2\/mercado-de-trabalho-brasileiro-apresenta-sinais-de-recuperacao\/","title":{"rendered":"Mercado de Trabalho Brasileiro Apresenta Sinais de Recupera\u00e7\u00e3o"},"content":{"rendered":"\r\n<p>O Instituto Brasileiro de Geografia e Estat\u00edstica (IBGE) divulgou dados que mostram uma queda na taxa de desemprego, que agora est\u00e1 em 9,1%. O aumento das contrata\u00e7\u00f5es no setor de servi\u00e7os e o crescimento do com\u00e9rcio s\u00e3o os principais respons\u00e1veis por essa recupera\u00e7\u00e3o. Economistas projetam que, se essa tend\u00eancia continuar, o Brasil pode alcan\u00e7ar n\u00edveis de desemprego pr\u00e9-pandemia at\u00e9 o final do ano.<\/p>\r\n\r\n<p>&nbsp;<\/p>","protected":false},"excerpt":{"rendered":"<p>O Instituto Brasileiro de Geografia e Estat\u00edstica (IBGE) divulgou dados que mostram uma queda na taxa de desemprego, que agora est\u00e1 em 9,1%. O aumento das contrata\u00e7\u00f5es no setor de servi\u00e7os e o crescimento do com\u00e9rcio s\u00e3o os principais respons\u00e1veis por essa recupera\u00e7\u00e3o. Economistas projetam que, se essa tend\u00eancia continuar, o Brasil pode alcan\u00e7ar n\u00edveis [&hellip;]<\/p>\n","protected":false},"author":7,"featured_media":52,"comment_status":"open","ping_status":"open","sticky":false,"template":"","format":"standard","meta":{"footnotes":""},"categories":[6],"tags":[],"class_list":["post-58","post","type-post","status-publish","format-standard","has-post-thumbnail","hentry","category-economia"],"_links":{"self":[{"href":"https:\/\/projetos.f3fabioramos.com.br\/news2\/wp-json\/wp\/v2\/posts\/58","targetHints":{"allow":["GET"]}}],"collection":[{"href":"https:\/\/projetos.f3fabioramos.com.br\/news2\/wp-json\/wp\/v2\/posts"}],"about":[{"href":"https:\/\/projetos.f3fabioramos.com.br\/news2\/wp-json\/wp\/v2\/types\/post"}],"author":[{"embeddable":true,"href":"https:\/\/projetos.f3fabioramos.com.br\/news2\/wp-json\/wp\/v2\/users\/7"}],"replies":[{"embeddable":true,"href":"https:\/\/projetos.f3fabioramos.com.br\/news2\/wp-json\/wp\/v2\/comments?post=58"}],"version-history":[{"count":12,"href":"https:\/\/projetos.f3fabioramos.com.br\/news2\/wp-json\/wp\/v2\/posts\/58\/revisions"}],"predecessor-version":[{"id":1227,"href":"https:\/\/projetos.f3fabioramos.com.br\/news2\/wp-json\/wp\/v2\/posts\/58\/revisions\/1227"}],"wp:featuredmedia":[{"embeddable":true,"href":"https:\/\/projetos.f3fabioramos.com.br\/news2\/wp-json\/wp\/v2\/media\/52"}],"wp:attachment":[{"href":"https:\/\/projetos.f3fabioramos.com.br\/news2\/wp-json\/wp\/v2\/media?parent=58"}],"wp:term":[{"taxonomy":"category","embeddable":true,"href":"https:\/\/projetos.f3fabioramos.com.br\/news2\/wp-json\/wp\/v2\/categories?post=58"},{"taxonomy":"post_tag","embeddable":true,"href":"https:\/\/projetos.f3fabioramos.com.br\/news2\/wp-json\/wp\/v2\/tags?post=58"}],"curies":[{"name":"wp","href":"https:\/\/api.w.org\/{rel}","templated":true}]}}