{"id":62,"date":"2024-09-08T17:09:48","date_gmt":"2024-09-08T20:09:48","guid":{"rendered":"https:\/\/projetos.f3fabioramos.com.br\/news2\/?p=62"},"modified":"2024-09-10T18:53:28","modified_gmt":"2024-09-10T21:53:28","slug":"conflito-no-oriente-medio-aumenta-tensao-global","status":"publish","type":"post","link":"https:\/\/projetos.f3fabioramos.com.br\/news2\/conflito-no-oriente-medio-aumenta-tensao-global\/","title":{"rendered":"Conflito no Oriente M\u00e9dio Aumenta Tens\u00e3o Global"},"content":{"rendered":"\n<p>A escalada de hostilidades entre Israel e grupos militantes palestinos resultou em uma nova onda de viol\u00eancia, com centenas de fatalidades em ambos os lados. A ONU convocou uma reuni\u00e3o de emerg\u00eancia para tentar mediar o conflito, enquanto pa\u00edses ao redor do mundo expressam preocupa\u00e7\u00f5es sobre as consequ\u00eancias humanit\u00e1rias e o impacto na seguran\u00e7a regional.<\/p>\n","protected":false},"excerpt":{"rendered":"<p>A escalada de hostilidades entre Israel e grupos militantes palestinos resultou em uma nova onda de viol\u00eancia, com centenas de fatalidades em ambos os lados. A ONU convocou uma reuni\u00e3o de emerg\u00eancia para tentar mediar o conflito, enquanto pa\u00edses ao redor do mundo expressam preocupa\u00e7\u00f5es sobre as consequ\u00eancias humanit\u00e1rias e o impacto na seguran\u00e7a regional.<\/p>\n","protected":false},"author":1,"featured_media":53,"comment_status":"open","ping_status":"open","sticky":false,"template":"","format":"standard","meta":{"footnotes":""},"categories":[7],"tags":[],"class_list":["post-62","post","type-post","status-publish","format-standard","has-post-thumbnail","hentry","category-mundo"],"_links":{"self":[{"href":"https:\/\/projetos.f3fabioramos.com.br\/news2\/wp-json\/wp\/v2\/posts\/62","targetHints":{"allow":["GET"]}}],"collection":[{"href":"https:\/\/projetos.f3fabioramos.com.br\/news2\/wp-json\/wp\/v2\/posts"}],"about":[{"href":"https:\/\/projetos.f3fabioramos.com.br\/news2\/wp-json\/wp\/v2\/types\/post"}],"author":[{"embeddable":true,"href":"https:\/\/projetos.f3fabioramos.com.br\/news2\/wp-json\/wp\/v2\/users\/1"}],"replies":[{"embeddable":true,"href":"https:\/\/projetos.f3fabioramos.com.br\/news2\/wp-json\/wp\/v2\/comments?post=62"}],"version-history":[{"count":1,"href":"https:\/\/projetos.f3fabioramos.com.br\/news2\/wp-json\/wp\/v2\/posts\/62\/revisions"}],"predecessor-version":[{"id":63,"href":"https:\/\/projetos.f3fabioramos.com.br\/news2\/wp-json\/wp\/v2\/posts\/62\/revisions\/63"}],"wp:featuredmedia":[{"embeddable":true,"href":"https:\/\/projetos.f3fabioramos.com.br\/news2\/wp-json\/wp\/v2\/media\/53"}],"wp:attachment":[{"href":"https:\/\/projetos.f3fabioramos.com.br\/news2\/wp-json\/wp\/v2\/media?parent=62"}],"wp:term":[{"taxonomy":"category","embeddable":true,"href":"https:\/\/projetos.f3fabioramos.com.br\/news2\/wp-json\/wp\/v2\/categories?post=62"},{"taxonomy":"post_tag","embeddable":true,"href":"https:\/\/projetos.f3fabioramos.com.br\/news2\/wp-json\/wp\/v2\/tags?post=62"}],"curies":[{"name":"wp","href":"https:\/\/api.w.org\/{rel}","templated":true}]}}