{"id":64,"date":"2024-09-08T17:12:27","date_gmt":"2024-09-08T20:12:27","guid":{"rendered":"https:\/\/projetos.f3fabioramos.com.br\/news2\/?p=64"},"modified":"2024-09-08T17:12:27","modified_gmt":"2024-09-08T20:12:27","slug":"reuniao-do-g20-em-roma-aborda-desafios-climaticos-e-economicos","status":"publish","type":"post","link":"https:\/\/projetos.f3fabioramos.com.br\/news2\/reuniao-do-g20-em-roma-aborda-desafios-climaticos-e-economicos\/","title":{"rendered":"Reuni\u00e3o do G20 em Roma Aborda Desafios Clim\u00e1ticos e Econ\u00f4micos"},"content":{"rendered":"\n<p>Os l\u00edderes do G20 se reuniram em Roma para debater os desafios globais prementes, incluindo a mudan\u00e7a clim\u00e1tica e a recupera\u00e7\u00e3o econ\u00f4mica p\u00f3s-pandemia. A c\u00fapula destacou a import\u00e2ncia de investimentos sustent\u00e1veis e a necessidade de uma colabora\u00e7\u00e3o internacional robusta para enfrentar a crise clim\u00e1tica. Durante o encontro, foram feitas promessas de a\u00e7\u00f5es concretas e compromissos financeiros que visam n\u00e3o apenas mitigar os efeitos das mudan\u00e7as clim\u00e1ticas, mas tamb\u00e9m fomentar um crescimento econ\u00f4mico inclusivo e resiliente.<\/p>\n","protected":false},"excerpt":{"rendered":"<p>Os l\u00edderes do G20 se reuniram em Roma para debater os desafios globais prementes, incluindo a mudan\u00e7a clim\u00e1tica e a recupera\u00e7\u00e3o econ\u00f4mica p\u00f3s-pandemia. A c\u00fapula destacou a import\u00e2ncia de investimentos sustent\u00e1veis e a necessidade de uma colabora\u00e7\u00e3o internacional robusta para enfrentar a crise clim\u00e1tica. Durante o encontro, foram feitas promessas de a\u00e7\u00f5es concretas e compromissos [&hellip;]<\/p>\n","protected":false},"author":1,"featured_media":54,"comment_status":"open","ping_status":"open","sticky":false,"template":"","format":"standard","meta":{"footnotes":""},"categories":[7],"tags":[],"class_list":["post-64","post","type-post","status-publish","format-standard","has-post-thumbnail","hentry","category-mundo"],"_links":{"self":[{"href":"https:\/\/projetos.f3fabioramos.com.br\/news2\/wp-json\/wp\/v2\/posts\/64","targetHints":{"allow":["GET"]}}],"collection":[{"href":"https:\/\/projetos.f3fabioramos.com.br\/news2\/wp-json\/wp\/v2\/posts"}],"about":[{"href":"https:\/\/projetos.f3fabioramos.com.br\/news2\/wp-json\/wp\/v2\/types\/post"}],"author":[{"embeddable":true,"href":"https:\/\/projetos.f3fabioramos.com.br\/news2\/wp-json\/wp\/v2\/users\/1"}],"replies":[{"embeddable":true,"href":"https:\/\/projetos.f3fabioramos.com.br\/news2\/wp-json\/wp\/v2\/comments?post=64"}],"version-history":[{"count":1,"href":"https:\/\/projetos.f3fabioramos.com.br\/news2\/wp-json\/wp\/v2\/posts\/64\/revisions"}],"predecessor-version":[{"id":65,"href":"https:\/\/projetos.f3fabioramos.com.br\/news2\/wp-json\/wp\/v2\/posts\/64\/revisions\/65"}],"wp:featuredmedia":[{"embeddable":true,"href":"https:\/\/projetos.f3fabioramos.com.br\/news2\/wp-json\/wp\/v2\/media\/54"}],"wp:attachment":[{"href":"https:\/\/projetos.f3fabioramos.com.br\/news2\/wp-json\/wp\/v2\/media?parent=64"}],"wp:term":[{"taxonomy":"category","embeddable":true,"href":"https:\/\/projetos.f3fabioramos.com.br\/news2\/wp-json\/wp\/v2\/categories?post=64"},{"taxonomy":"post_tag","embeddable":true,"href":"https:\/\/projetos.f3fabioramos.com.br\/news2\/wp-json\/wp\/v2\/tags?post=64"}],"curies":[{"name":"wp","href":"https:\/\/api.w.org\/{rel}","templated":true}]}}